{"id":286,"date":"2025-09-13T19:58:21","date_gmt":"2025-09-13T19:58:21","guid":{"rendered":"https:\/\/radiolasalle.pe\/salle\/?p=286"},"modified":"2025-09-13T21:45:21","modified_gmt":"2025-09-13T21:45:21","slug":"dobles-peru-vs-portugal-con-buse-y-varillas-en-vivo-juegan-por-el-grupo-mundial-i-de-la-copa-davis-2025","status":"publish","type":"post","link":"https:\/\/radiolasalle.pe\/salle\/2025\/09\/13\/dobles-peru-vs-portugal-con-buse-y-varillas-en-vivo-juegan-por-el-grupo-mundial-i-de-la-copa-davis-2025\/","title":{"rendered":"Dobles Per\u00fa vs. Portugal, con Buse y Varillas EN VIVO: juegan por el Grupo Mundial I de la Copa Davis 2025"},"content":{"rendered":"\n<p>En el comienzo del D\u00eda 2 de la serie&nbsp;<a href=\"https:\/\/rpp.pe\/tenis\/copa-davis\/gonzalo-bueno-vs-borges-en-vivo-por-peru-vs-portugal-a-que-hora-y-donde-ver-dia-1-grupo-mundial-i-de-copa-davis-2025-via-tvperu-vivo-noticia-1654718\"><strong>Per\u00fa vs. Portugal<\/strong><\/a>,&nbsp;<strong>Juan Pablo Varillas e&nbsp;<a href=\"https:\/\/rpp.pe\/tenis\/copa-davis\/ignacio-buse-vs-faria-en-vivo-por-peru-vs-portugal-a-que-hora-juegan-y-donde-ver-partido-del-grupo-mundial-i-de-copa-davis-2025-via-tvperu-vivo-noticia-1654680\">Ignacio Buse<\/a><\/strong>&nbsp;son los elegidos para el partido de dobles.<\/p>\n\n\n\n<figure class=\"wp-block-image\"><a href=\"https:\/\/rpp.pe\/autor\/jfigueroal\"><img decoding=\"async\" src=\"https:\/\/e.rpp-noticias.io\/assets\/avatar\/blog_72\/jfigueroal.jpg?v=250913\" alt=\"Diego Figueroa Loayza\"\/><\/a><\/figure>\n\n\n\n<p>por&nbsp;<a href=\"https:\/\/rpp.pe\/autor\/jfigueroal\">Diego Figueroa Loayza<\/a><a href=\"https:\/\/rpp.pe\/archivo\/tenis\">13 de Septiembre del 2025 2:50 PM<\/a>&nbsp;\u00b7&nbsp;Actualizado el 13 de Septiembre del 2025 2:50 PM<\/p>\n\n\n\n<h2 class=\"wp-block-heading\">En el comienzo del D\u00eda 2 de la serie&nbsp;<a href=\"https:\/\/rpp.pe\/tenis\/copa-davis\/gonzalo-bueno-vs-borges-en-vivo-por-peru-vs-portugal-a-que-hora-y-donde-ver-dia-1-grupo-mundial-i-de-copa-davis-2025-via-tvperu-vivo-noticia-1654718\"><strong>Per\u00fa vs. Portugal<\/strong><\/a>,&nbsp;<strong>Juan Pablo Varillas e&nbsp;<a href=\"https:\/\/rpp.pe\/tenis\/copa-davis\/ignacio-buse-vs-faria-en-vivo-por-peru-vs-portugal-a-que-hora-juegan-y-donde-ver-partido-del-grupo-mundial-i-de-copa-davis-2025-via-tvperu-vivo-noticia-1654680\">Ignacio Buse<\/a><\/strong>&nbsp;son los elegidos para el partido de dobles.<\/h2>\n\n\n\n<p><a href=\"https:\/\/rpp.pe\/tenis\/copa-davis\/copa-davis-2025-calendario-fechas-cruces-horarios-del-peru-vs-portugal-y-donde-ver-qualifiers-grupo-mundial-i-y-playoffs-noticia-1654513\" target=\"_blank\" rel=\"noreferrer noopener\"><strong>Per\u00fa vs. Portugal<\/strong><\/a>&nbsp;<strong>EN VIVO<\/strong>: se enfrentan este s\u00e1bado 13 de septiembre en el Club Lawn Tennis de la Exposici\u00f3n, en Lima, por el D\u00eda 2 de la serie correspondiente al Grupo Mundial I de la&nbsp;<a href=\"https:\/\/rpp.pe\/tenis\/copa-davis\/donde-ver-copa-davis-2025-en-vivo-por-tv-y-streaming-el-peru-vs-portugal-canales-de-transmision-grupo-mundial-i-via-tvperu-en-vivo-noticia-1654595?ref=rpp\" target=\"_blank\" rel=\"noreferrer noopener\"><strong>Copa Davis 2025<\/strong><\/a>.&nbsp;<strong>Ignacio Buse y Juan Pablo Varillas<\/strong>&nbsp;ser\u00e1n dupla en el dobles, a jugarse desde las 2:00 p.m. Los partidos ser\u00e1n transmitidos por TV Per\u00fa.<\/p>\n\n\n\n<p>(Cortes\u00eda de RPP Noticias)<\/p>\n","protected":false},"excerpt":{"rendered":"<p>En el comienzo del D\u00eda 2 de la serie&nbsp;Per\u00fa vs. Portugal,&nbsp;Juan Pablo Varillas e&nbsp;Ignacio Buse&nbsp;son los elegidos para el partido de dobles. por&nbsp;Diego Figueroa Loayza13 de Septiembre del 2025 2:50 PM&nbsp;\u00b7&nbsp;Actualizado el 13 de Septiembre del 2025 2:50 PM En el comienzo del D\u00eda 2 de la serie&nbsp;Per\u00fa vs. Portugal,&nbsp;Juan Pablo Varillas e&nbsp;Ignacio Buse&nbsp;son los [&hellip;]<\/p>\n","protected":false},"author":1,"featured_media":287,"comment_status":"open","ping_status":"open","sticky":false,"template":"","format":"standard","meta":{"footnotes":""},"categories":[20],"tags":[],"class_list":{"0":"post-286","1":"post","2":"type-post","3":"status-publish","4":"format-standard","5":"has-post-thumbnail","7":"category-deportes"},"_links":{"self":[{"href":"https:\/\/radiolasalle.pe\/salle\/wp-json\/wp\/v2\/posts\/286","targetHints":{"allow":["GET"]}}],"collection":[{"href":"https:\/\/radiolasalle.pe\/salle\/wp-json\/wp\/v2\/posts"}],"about":[{"href":"https:\/\/radiolasalle.pe\/salle\/wp-json\/wp\/v2\/types\/post"}],"author":[{"embeddable":true,"href":"https:\/\/radiolasalle.pe\/salle\/wp-json\/wp\/v2\/users\/1"}],"replies":[{"embeddable":true,"href":"https:\/\/radiolasalle.pe\/salle\/wp-json\/wp\/v2\/comments?post=286"}],"version-history":[{"count":2,"href":"https:\/\/radiolasalle.pe\/salle\/wp-json\/wp\/v2\/posts\/286\/revisions"}],"predecessor-version":[{"id":300,"href":"https:\/\/radiolasalle.pe\/salle\/wp-json\/wp\/v2\/posts\/286\/revisions\/300"}],"wp:featuredmedia":[{"embeddable":true,"href":"https:\/\/radiolasalle.pe\/salle\/wp-json\/wp\/v2\/media\/287"}],"wp:attachment":[{"href":"https:\/\/radiolasalle.pe\/salle\/wp-json\/wp\/v2\/media?parent=286"}],"wp:term":[{"taxonomy":"category","embeddable":true,"href":"https:\/\/radiolasalle.pe\/salle\/wp-json\/wp\/v2\/categories?post=286"},{"taxonomy":"post_tag","embeddable":true,"href":"https:\/\/radiolasalle.pe\/salle\/wp-json\/wp\/v2\/tags?post=286"}],"curies":[{"name":"wp","href":"https:\/\/api.w.org\/{rel}","templated":true}]}}