{"id":329,"date":"2025-11-05T16:20:38","date_gmt":"2025-11-05T16:20:38","guid":{"rendered":"https:\/\/radiolasalle.pe\/salle\/?p=329"},"modified":"2025-11-05T16:20:39","modified_gmt":"2025-11-05T16:20:39","slug":"peru-recupera-valiosos-documentos-de-la-familia-bolognesi-que-salieron-del-pais-durante-la-guerra-del-pacifico","status":"publish","type":"post","link":"https:\/\/radiolasalle.pe\/salle\/2025\/11\/05\/peru-recupera-valiosos-documentos-de-la-familia-bolognesi-que-salieron-del-pais-durante-la-guerra-del-pacifico\/","title":{"rendered":"Per\u00fa Recupera Valiosos Documentos de la Familia Bolognesi que Salieron del Pa\u00eds Durante la Guerra del Pac\u00edfico"},"content":{"rendered":"\n<p><strong> Entre los 33 bienes culturales repatriados destaca un libro con anotaciones de Enrique Bolognesi Medrano y una carta de su hermano Federico, hallados en Chile.<\/strong><\/p>\n\n\n\n<p>El Per\u00fa recuper\u00f3 un valioso lote de 33 bienes culturales, entre los que se encuentran documentos hist\u00f3ricos de la familia del h\u00e9roe nacional Francisco Bolognesi. La repatriaci\u00f3n, verificada por especialistas del Ministerio de Cultura, el Ministerio de Relaciones Exteriores y la Biblioteca Nacional del Per\u00fa (BNP), marca un hito en la recuperaci\u00f3n del patrimonio hist\u00f3rico nacional.<\/p>\n\n\n\n<p><strong>La Verificaci\u00f3n y el Origen de los Bienes<\/strong><\/p>\n\n\n\n<p>La verificaci\u00f3n del retorno de estos bienes se realiz\u00f3 en la sede de la Canciller\u00eda. El lote, recuperado en el marco de los esfuerzos de repatriaci\u00f3n del Estado peruano, est\u00e1 compuesto por materiales bibliogr\u00e1ficos, piezas arqueol\u00f3gicas y un bien etnogr\u00e1fico que fueron devueltos desde Brasil, Colombia, Chile y Estados Unidos.<\/p>\n\n\n\n<p><strong>La Pieza Hist\u00f3rica: El Libro y la Carta de los Bolognesi<\/strong><\/p>\n\n\n\n<p>Entre todos los objetos, destaca especialmente un ejemplar del libro&nbsp;<strong>\u00abProntuario de ordenanza para el Ej\u00e9rcito\u00bb<\/strong>, impreso en 1869. Este libro contiene:<\/p>\n\n\n\n<ul class=\"wp-block-list\">\n<li>La\u00a0<strong>firma y anotaciones manuscritas de Enrique Bolognesi Medrano<\/strong>, uno de los hijos de Francisco Bolognesi.<\/li>\n\n\n\n<li>En su interior, se encontr\u00f3 una\u00a0<strong>carta manuscrita de su hermano, Federico Bolognesi Medrano<\/strong>, en la que le informa sobre la situaci\u00f3n de su madre.<\/li>\n<\/ul>\n\n\n\n<p><strong>Contexto Hist\u00f3rico y Recuperaci\u00f3n<\/strong><\/p>\n\n\n\n<p>Enrique y Federico Bolognesi, al igual que su padre, participaron en la Guerra del Pac\u00edfico y fallecieron durante la defensa de Lima. Se cree que este libro sali\u00f3 de Lima hacia Chile como producto del&nbsp;<strong>saqueo perpetrado por las fuerzas chilenas<\/strong>&nbsp;durante la ocupaci\u00f3n de la capital.<\/p>\n\n\n\n<p>La recuperaci\u00f3n de esta pieza fue posible gracias a un acto de&nbsp;<strong>entrega voluntaria<\/strong>&nbsp;por parte del director del Archivo Fotogr\u00e1fico del Instituto Salesiano de Valdivia (Chile), quien la devolvi\u00f3 a trav\u00e9s de la Embajada del Per\u00fa en ese pa\u00eds.<\/p>\n\n\n\n<p><strong>Importancia de la Repatriaci\u00f3n<\/strong><\/p>\n\n\n\n<p>La recuperaci\u00f3n de estos documentos no solo significa el retorno de bienes con un inmenso valor hist\u00f3rico y sentimental para la naci\u00f3n, sino que tambi\u00e9n reafirma la importancia de la&nbsp;<strong>cooperaci\u00f3n internacional y los esfuerzos diplom\u00e1ticos<\/strong>&nbsp;en la protecci\u00f3n del patrimonio cultural peruano. Cada objeto repatriado es una pieza fundamental para reconstruir la memoria hist\u00f3rica del pa\u00eds.<\/p>\n\n\n\n<hr class=\"wp-block-separator has-alpha-channel-opacity\"\/>\n\n\n\n<p><strong>Fuente Original y Cr\u00e9ditos:<\/strong><\/p>\n\n\n\n<ul class=\"wp-block-list\">\n<li><strong>Noticia Original:<\/strong>\u00a0Diario Oficial El Peruano &#8211;\u00a0<a href=\"https:\/\/elperuano.pe\/noticia\/282371-vuelven-al-peru-documentos-de-familia-bolognesi\" target=\"_blank\" rel=\"noreferrer noopener\">Ver nota original<\/a><\/li>\n\n\n\n<li><strong>Fecha de la Noticia Original:<\/strong>\u00a005 de Noviembre de 2025.<\/li>\n\n\n\n<li><strong>Instituciones Involucradas:<\/strong>\u00a0Ministerio de Cultura, Ministerio de Relaciones Exteriores y Biblioteca Nacional del Per\u00fa (BNP).<\/li>\n<\/ul>\n\n\n\n<p><strong>Aviso Legal:<\/strong>&nbsp;Esta informaci\u00f3n es una adaptaci\u00f3n de una nota de prensa oficial y tiene fines informativos. Para m\u00e1s detalles, se recomienda consultar la fuente original en el diario El Peruano.<\/p>\n","protected":false},"excerpt":{"rendered":"<p>Entre los 33 bienes culturales repatriados destaca un libro con anotaciones de Enrique Bolognesi Medrano y una carta de su hermano Federico, hallados en Chile. El Per\u00fa recuper\u00f3 un valioso lote de 33 bienes culturales, entre los que se encuentran documentos hist\u00f3ricos de la familia del h\u00e9roe nacional Francisco Bolognesi. La repatriaci\u00f3n, verificada por especialistas [&hellip;]<\/p>\n","protected":false},"author":1,"featured_media":330,"comment_status":"open","ping_status":"open","sticky":false,"template":"","format":"standard","meta":{"footnotes":""},"categories":[28,29,19],"tags":[],"class_list":{"0":"post-329","1":"post","2":"type-post","3":"status-publish","4":"format-standard","5":"has-post-thumbnail","7":"category-cultura","8":"category-nacional","9":"category-noticias"},"_links":{"self":[{"href":"https:\/\/radiolasalle.pe\/salle\/wp-json\/wp\/v2\/posts\/329","targetHints":{"allow":["GET"]}}],"collection":[{"href":"https:\/\/radiolasalle.pe\/salle\/wp-json\/wp\/v2\/posts"}],"about":[{"href":"https:\/\/radiolasalle.pe\/salle\/wp-json\/wp\/v2\/types\/post"}],"author":[{"embeddable":true,"href":"https:\/\/radiolasalle.pe\/salle\/wp-json\/wp\/v2\/users\/1"}],"replies":[{"embeddable":true,"href":"https:\/\/radiolasalle.pe\/salle\/wp-json\/wp\/v2\/comments?post=329"}],"version-history":[{"count":1,"href":"https:\/\/radiolasalle.pe\/salle\/wp-json\/wp\/v2\/posts\/329\/revisions"}],"predecessor-version":[{"id":331,"href":"https:\/\/radiolasalle.pe\/salle\/wp-json\/wp\/v2\/posts\/329\/revisions\/331"}],"wp:featuredmedia":[{"embeddable":true,"href":"https:\/\/radiolasalle.pe\/salle\/wp-json\/wp\/v2\/media\/330"}],"wp:attachment":[{"href":"https:\/\/radiolasalle.pe\/salle\/wp-json\/wp\/v2\/media?parent=329"}],"wp:term":[{"taxonomy":"category","embeddable":true,"href":"https:\/\/radiolasalle.pe\/salle\/wp-json\/wp\/v2\/categories?post=329"},{"taxonomy":"post_tag","embeddable":true,"href":"https:\/\/radiolasalle.pe\/salle\/wp-json\/wp\/v2\/tags?post=329"}],"curies":[{"name":"wp","href":"https:\/\/api.w.org\/{rel}","templated":true}]}}