{"id":335,"date":"2025-11-15T01:05:22","date_gmt":"2025-11-15T01:05:22","guid":{"rendered":"https:\/\/radiolasalle.pe\/salle\/?p=335"},"modified":"2025-11-21T00:29:42","modified_gmt":"2025-11-21T00:29:42","slug":"mas-de-97000-postulantes-rendiran-examen-nacional-de-beca-18-este-domingo-16-de-noviembre-conozca-que-llevar-y-las-restricciones","status":"publish","type":"post","link":"https:\/\/radiolasalle.pe\/salle\/2025\/11\/15\/mas-de-97000-postulantes-rendiran-examen-nacional-de-beca-18-este-domingo-16-de-noviembre-conozca-que-llevar-y-las-restricciones\/","title":{"rendered":"M\u00e1s de 97,000 postulantes rendir\u00e1n examen nacional de Beca 18 este domingo 16 de noviembre: conozca qu\u00e9 llevar y las restricciones"},"content":{"rendered":"\n<figure class=\"wp-block-image is-resized\"><img decoding=\"async\" src=\"https:\/\/cdn.www.gob.pe\/uploads\/document\/file\/8997473\/thumb_1288892-mas-de-97-000-talentosos-peruanos-estan-convocados-a-rendir-el-examen-de-beca-18-2026_pronabec.jpg\" alt=\"\" style=\"width:691px;height:auto\"\/><\/figure>\n\n\n\n<p><strong>Lima, 16 de noviembre de 2025.<\/strong>&nbsp;&#8211; El Programa Nacional de Becas y Cr\u00e9dito Educativo (Pronabec) realizar\u00e1 hoy el Examen Nacional de Preselecci\u00f3n (ENP) de Beca 18-2026, en el que participar\u00e1n m\u00e1s de 97,000 talentosos peruanos a nivel nacional, quienes buscar\u00e1n acceder a una de las 20,000 becas integrales que ofrece el Estado peruano.<\/p>\n\n\n\n<p>La evaluaci\u00f3n se desarrollar\u00e1 de manera simult\u00e1nea en 180 locales distribuidos estrat\u00e9gicamente en todas las regiones del pa\u00eds, incluidas zonas rurales y distritos de frontera. El ingreso a las sedes estar\u00e1 permitido desde las 7:00 a.m. hasta las 8:20 a.m., hora en que se cerrar\u00e1n las puertas definitivamente.<\/p>\n\n\n\n<p><strong>Protocolo estricto de ingreso<\/strong><\/p>\n\n\n\n<p>Como parte de las medidas de seguridad implementadas, los postulantes deber\u00e1n presentarse exclusivamente con su Documento Nacional de Identidad (DNI) f\u00edsico. El personal del Pronabec proporcionar\u00e1 el l\u00e1piz y borrador necesarios para el desarrollo de la prueba.<\/p>\n\n\n\n<p>Entre las restricciones adicionales se incluye:<\/p>\n\n\n\n<ul class=\"wp-block-list\">\n<li>Cabello recogido para quienes lo tengan largo<\/li>\n\n\n\n<li>Cabeza descubierta (prohibici\u00f3n de gorros y similares)<\/li>\n\n\n\n<li>No uso de accesorios como aretes, anillos, collares o pulseras<\/li>\n<\/ul>\n\n\n\n<p><strong>Objetos prohibidos y control de seguridad<\/strong><\/p>\n\n\n\n<p>Queda estrictamente vedado el ingreso con:<\/p>\n\n\n\n<ul class=\"wp-block-list\">\n<li>Dispositivos electr\u00f3nicos: celulares, tablets, relojes, aud\u00edfonos, c\u00e1maras<\/li>\n\n\n\n<li>Materiales de escritorio: cuadernos, hojas de papel<\/li>\n\n\n\n<li>Accesorios personales: carteras, bolsos, mochilas<\/li>\n\n\n\n<li>Alimentos y bebidas<\/li>\n<\/ul>\n\n\n\n<p>Todos los participantes pasar\u00e1n por un detector de metales que detectar\u00e1 la presencia de cualquier objeto prohibido. El operativo contar\u00e1 con el apoyo de la Polic\u00eda Nacional del Per\u00fa y la supervisi\u00f3n de autoridades locales en cada sede.<\/p>\n\n\n\n<p><strong>Desarrollo de la evaluaci\u00f3n<\/strong><\/p>\n\n\n\n<p>El examen tendr\u00e1 una duraci\u00f3n de 2 horas (de 9:00 a.m. a 11:00 a.m.) y constar\u00e1 de 60 preguntas de opci\u00f3n m\u00faltiple, divididas en 30 de competencia lectora y 30 de competencias matem\u00e1ticas. Cada pregunta correcta vale dos puntos y no existe puntaje en contra por respuestas err\u00f3neas.<\/p>\n\n\n\n<p>El Pronabec enfatiza que solo se calificar\u00e1 lo marcado en la \u00abFicha de Respuestas\u00bb, debiendo colorear completamente el c\u00edrculo de la opci\u00f3n elegida. Los cuadernillos de examen podr\u00e1n ser llevados por los postulantes al finalizar la jornada.<\/p>\n\n\n\n<p>Para consultas adicionales, los interesados pueden visitar&nbsp;<a href=\"https:\/\/www.pronabec.gob.pe\/beca-18\/\" target=\"_blank\" rel=\"noreferrer noopener\">www.pronabec.gob.pe\/beca-18\/<\/a>&nbsp;o contactar a la l\u00ednea gratuita 0800 000 18.<\/p>\n\n\n\n<p><em>Fuente: compendio Noticias sobre Beca 18<\/em><\/p>\n","protected":false},"excerpt":{"rendered":"<p>Lima, 16 de noviembre de 2025.&nbsp;&#8211; El Programa Nacional de Becas y Cr\u00e9dito Educativo (Pronabec) realizar\u00e1 hoy el Examen Nacional de Preselecci\u00f3n (ENP) de Beca 18-2026, en el que participar\u00e1n m\u00e1s de 97,000 talentosos peruanos a nivel nacional, quienes buscar\u00e1n acceder a una de las 20,000 becas integrales que ofrece el Estado peruano. La evaluaci\u00f3n [&hellip;]<\/p>\n","protected":false},"author":1,"featured_media":349,"comment_status":"open","ping_status":"open","sticky":false,"template":"","format":"standard","meta":{"footnotes":""},"categories":[28,22,29],"tags":[],"class_list":{"0":"post-335","1":"post","2":"type-post","3":"status-publish","4":"format-standard","5":"has-post-thumbnail","7":"category-cultura","8":"category-educacion","9":"category-nacional"},"_links":{"self":[{"href":"https:\/\/radiolasalle.pe\/salle\/wp-json\/wp\/v2\/posts\/335","targetHints":{"allow":["GET"]}}],"collection":[{"href":"https:\/\/radiolasalle.pe\/salle\/wp-json\/wp\/v2\/posts"}],"about":[{"href":"https:\/\/radiolasalle.pe\/salle\/wp-json\/wp\/v2\/types\/post"}],"author":[{"embeddable":true,"href":"https:\/\/radiolasalle.pe\/salle\/wp-json\/wp\/v2\/users\/1"}],"replies":[{"embeddable":true,"href":"https:\/\/radiolasalle.pe\/salle\/wp-json\/wp\/v2\/comments?post=335"}],"version-history":[{"count":1,"href":"https:\/\/radiolasalle.pe\/salle\/wp-json\/wp\/v2\/posts\/335\/revisions"}],"predecessor-version":[{"id":336,"href":"https:\/\/radiolasalle.pe\/salle\/wp-json\/wp\/v2\/posts\/335\/revisions\/336"}],"wp:featuredmedia":[{"embeddable":true,"href":"https:\/\/radiolasalle.pe\/salle\/wp-json\/wp\/v2\/media\/349"}],"wp:attachment":[{"href":"https:\/\/radiolasalle.pe\/salle\/wp-json\/wp\/v2\/media?parent=335"}],"wp:term":[{"taxonomy":"category","embeddable":true,"href":"https:\/\/radiolasalle.pe\/salle\/wp-json\/wp\/v2\/categories?post=335"},{"taxonomy":"post_tag","embeddable":true,"href":"https:\/\/radiolasalle.pe\/salle\/wp-json\/wp\/v2\/tags?post=335"}],"curies":[{"name":"wp","href":"https:\/\/api.w.org\/{rel}","templated":true}]}}