{"id":397,"date":"2025-12-23T16:18:05","date_gmt":"2025-12-23T16:18:05","guid":{"rendered":"https:\/\/radiolasalle.pe\/salle\/?p=397"},"modified":"2025-12-23T16:18:07","modified_gmt":"2025-12-23T16:18:07","slug":"mef-presupuesto-para-beca-18-en-2026-esta-garantizado","status":"publish","type":"post","link":"https:\/\/radiolasalle.pe\/salle\/2025\/12\/23\/mef-presupuesto-para-beca-18-en-2026-esta-garantizado\/","title":{"rendered":"MEF: Presupuesto para beca 18 en 2026 est\u00e1 garantizado"},"content":{"rendered":"\n<p>Asegura que el Gobierno honrar\u00e1 su promesa y har\u00e1 las gestiones con miras a seguir apoyando a j\u00f3venes estudiantes. Impulsar\u00e1n recategorizaci\u00f3n de las pensiones en universidades privadas donde estudian los beneficiarios.<\/p>\n\n\n\n<p>&nbsp;La ministra de Econom\u00eda y Finanzas, Denisse Miralles, pidi\u00f3 tranquilidad a los participantes del concurso Beca 18-2026 y asegur\u00f3 que est\u00e1 garantizado el presupuesto para los beneficiarios que resulten ganadores en dicho proceso.<\/p>\n\n\n\n<p>Para ayer estaba programada la publicaci\u00f3n de la lista oficial de preseleccionados de Beca 18\u20132026; sin embargo, Pronabec aclar\u00f3 que dicha relaci\u00f3n ser\u00e1 dada a conocer en enero, cuando \u201cse desarrollen las acciones necesarias, en el marco de la Ley de Presupuesto 2026, para garantizar la continuidad del concurso\u201d.<\/p>\n\n\n\n<p>Consultada sobre el particular, Miralles dijo en RPP: \u201cQuiero dar la tranquilidad, la promesa se va a honrar, se va a lograr la gesti\u00f3n para que las becas que est\u00e1n en concurso [del 2026] est\u00e9n garantizadas\u201d.<\/p>\n\n\n\n<p>Presupuesto<\/p>\n\n\n\n<p>La titular del MEF a\u00f1adi\u00f3 que el Minedu, sector al que pertenece Pronabec, tiene 17,000 millones de soles en su presupuesto. \u201cEs un monto bastante alto y, adem\u00e1s, en la Ley de Presupuesto, y eso nosotros lo conversamos con el presidente de la Comisi\u00f3n de Presupuesto, el se\u00f1or Soto, lo entendi\u00f3 muy bien, nos permiti\u00f3 incluir art\u00edculos que le permitan hacer redistribuciones al Ministerio de Educaci\u00f3n, cosa que no tiene ning\u00fan otro sector. \u00bfPara qu\u00e9? Para que podamos justamente garantizar ese recurso\u201d.<\/p>\n\n\n\n<p>Reiter\u00f3 que fue un acto \u201cirresponsable\u201d que la anterior gesti\u00f3n de gobierno anuncie un incremento en el n\u00famero de becas y haya generado expectativa en los j\u00f3venes cuando no se contaba con el presupuesto, problema que \u2013aclar\u00f3\u2013 ahora ya se resolvi\u00f3 con la redistribuci\u00f3n del presupuesto del Ministerio de Educaci\u00f3n.<\/p>\n\n\n\n<p>Recategorizaci\u00f3n<\/p>\n\n\n\n<p>La ministra anot\u00f3 que solicitar\u00e1 al Ministerio de Educaci\u00f3n una revisi\u00f3n del programa Beca 18, con el objetivo de impulsar una recategorizaci\u00f3n de las pensiones en universidades privadas donde estudian los beneficiarios.<\/p>\n\n\n\n<p>Explic\u00f3 que actualmente el Estado paga la tarifa m\u00e1s alta por cada alumno, pese a que muchos de ellos, por su condici\u00f3n socioecon\u00f3mica, podr\u00edan acceder a escalas de menor costo.<\/p>\n\n\n\n<p>Compromiso<\/p>\n\n\n\n<p>El Ministerio de Educaci\u00f3n (Minedu) reafirm\u00f3 su compromiso de fortalecer el Programa Nacional de Becas y Cr\u00e9dito Educativo (Pronabec) y, en particular, Beca 18, al considerarla una herramienta eficaz para combatir la pobreza y preparar a los j\u00f3venes que culminan la educaci\u00f3n secundaria para enfrentar los desaf\u00edos de un mundo cada vez m\u00e1s competitivo.<\/p>\n\n\n\n<p>As\u00ed lo se\u00f1al\u00f3 el ministro de Educaci\u00f3n, Jorge Figueroa, tras reunirse con j\u00f3venes postulantes, becarios y exbecarios, representantes de la Red Nacional de Juventudes (Renajuv), organizaci\u00f3n integrada por beneficiarios del Pronabec.<\/p>\n\n\n\n<p>cifra<\/p>\n\n\n\n<p>3,000<\/p>\n\n\n\n<p>seleccionados pertenecen a comunidades campesinas y nativas y al pueblo afroperuano.<\/p>\n\n\n\n<p>Fuentes: Diario El Peuano.<\/p>\n","protected":false},"excerpt":{"rendered":"<p>Asegura que el Gobierno honrar\u00e1 su promesa y har\u00e1 las gestiones con miras a seguir apoyando a j\u00f3venes estudiantes. Impulsar\u00e1n recategorizaci\u00f3n de las pensiones en universidades privadas donde estudian los beneficiarios. &nbsp;La ministra de Econom\u00eda y Finanzas, Denisse Miralles, pidi\u00f3 tranquilidad a los participantes del concurso Beca 18-2026 y asegur\u00f3 que est\u00e1 garantizado el presupuesto [&hellip;]<\/p>\n","protected":false},"author":1,"featured_media":398,"comment_status":"open","ping_status":"open","sticky":false,"template":"","format":"standard","meta":{"footnotes":""},"categories":[1],"tags":[],"class_list":{"0":"post-397","1":"post","2":"type-post","3":"status-publish","4":"format-standard","5":"has-post-thumbnail","7":"category-uncategorized"},"_links":{"self":[{"href":"https:\/\/radiolasalle.pe\/salle\/wp-json\/wp\/v2\/posts\/397","targetHints":{"allow":["GET"]}}],"collection":[{"href":"https:\/\/radiolasalle.pe\/salle\/wp-json\/wp\/v2\/posts"}],"about":[{"href":"https:\/\/radiolasalle.pe\/salle\/wp-json\/wp\/v2\/types\/post"}],"author":[{"embeddable":true,"href":"https:\/\/radiolasalle.pe\/salle\/wp-json\/wp\/v2\/users\/1"}],"replies":[{"embeddable":true,"href":"https:\/\/radiolasalle.pe\/salle\/wp-json\/wp\/v2\/comments?post=397"}],"version-history":[{"count":1,"href":"https:\/\/radiolasalle.pe\/salle\/wp-json\/wp\/v2\/posts\/397\/revisions"}],"predecessor-version":[{"id":399,"href":"https:\/\/radiolasalle.pe\/salle\/wp-json\/wp\/v2\/posts\/397\/revisions\/399"}],"wp:featuredmedia":[{"embeddable":true,"href":"https:\/\/radiolasalle.pe\/salle\/wp-json\/wp\/v2\/media\/398"}],"wp:attachment":[{"href":"https:\/\/radiolasalle.pe\/salle\/wp-json\/wp\/v2\/media?parent=397"}],"wp:term":[{"taxonomy":"category","embeddable":true,"href":"https:\/\/radiolasalle.pe\/salle\/wp-json\/wp\/v2\/categories?post=397"},{"taxonomy":"post_tag","embeddable":true,"href":"https:\/\/radiolasalle.pe\/salle\/wp-json\/wp\/v2\/tags?post=397"}],"curies":[{"name":"wp","href":"https:\/\/api.w.org\/{rel}","templated":true}]}}