{"id":403,"date":"2025-12-26T19:09:50","date_gmt":"2025-12-26T19:09:50","guid":{"rendered":"https:\/\/radiolasalle.pe\/salle\/?p=403"},"modified":"2025-12-26T19:09:51","modified_gmt":"2025-12-26T19:09:51","slug":"papa-leon-xiv-pide-dialogo-en-america-latina-y-rechaza-exclusiones-ideologicas-en-mensaje-de-navidad","status":"publish","type":"post","link":"https:\/\/radiolasalle.pe\/salle\/2025\/12\/26\/papa-leon-xiv-pide-dialogo-en-america-latina-y-rechaza-exclusiones-ideologicas-en-mensaje-de-navidad\/","title":{"rendered":"Papa Le\u00f3n XIV pide di\u00e1logo en Am\u00e9rica Latina y rechaza exclusiones ideol\u00f3gicas en mensaje de Navidad"},"content":{"rendered":"\n<p>El papa Le\u00f3n XIV dirigi\u00f3 su primer mensaje de Navidad desde el balc\u00f3n central de la bas\u00edlica de San Pedro, donde realiz\u00f3 un llamado espec\u00edfico a los l\u00edderes pol\u00edticos de Am\u00e9rica Latina para que prioricen el di\u00e1logo y el bien com\u00fan frente a las divisiones partidistas.\u200b<\/p>\n\n\n\n<p>Antes de impartir la tradicional bendici\u00f3n \u2018Urbi et Orbi\u2019, el pont\u00edfice se refiri\u00f3 directamente a la situaci\u00f3n pol\u00edtica del continente americano. El mensaje fue pronunciado ante miles de fieles que acudieron a la Plaza de San Pedro pese a la intensa lluvia.\u200b<\/p>\n\n\n\n<p><em>\u201cQue el Ni\u00f1o Jes\u00fas inspire a quienes tienen responsabilidades pol\u00edticas en Am\u00e9rica Latina para que, al enfrentar los numerosos desaf\u00edos, se le d\u00e9 espacio al di\u00e1logo por el bien com\u00fan y no a las exclusiones ideol\u00f3gicas y partidistas\u201d, comunic\u00f3 el Papa.<\/em><\/p>\n\n\n\n<p>El l\u00edder de la Iglesia Cat\u00f3lica inici\u00f3 su discurso con una reflexi\u00f3n sobre la responsabilidad personal y la necesidad de solidaridad con los m\u00e1s vulnerables. Le\u00f3n XIV se\u00f1al\u00f3 que el cambio mundial requiere un ejercicio de autocr\u00edtica y empat\u00eda.\u200b<\/p>\n\n\n\n<p><em>\u201cSi cada uno de nosotros, a todos los niveles, en lugar de acusar a los dem\u00e1s, reconociera ante todo sus propias faltas y pidiera perd\u00f3n a Dios, y al mismo tiempo se pusiera en el lugar de quienes sufren, fuera solidario con los m\u00e1s d\u00e9biles y oprimidos, entonces el mundo cambiar\u00eda\u201d, pronunci\u00f3 en su discurso.\u200b<\/em><\/p>\n\n\n\n<h2 class=\"wp-block-heading\"><strong>Menci\u00f3n a refugiados y migrantes<\/strong><\/h2>\n\n\n\n<p>En su mensaje navide\u00f1o, el papa tambi\u00e9n destac\u00f3 la situaci\u00f3n de las personas desplazadas en diferentes regiones del mundo. Le\u00f3n XIV mencion\u00f3 espec\u00edficamente a quienes buscan mejores condiciones de vida atravesando rutas migratorias riesgosas.\u200b<\/p>\n\n\n\n<p>El pont\u00edfice se refiri\u00f3 a \u201clos numerosos refugiados y migrantes que cruzan el Mediterr\u00e1neo o recorren el continente americano\u201d, instando a la comunidad internacional a extender solidaridad hacia estas poblaciones.\u200b<\/p>\n\n\n\n<p><em>\u201cEn este d\u00eda santo, abramos nuestro coraz\u00f3n a los hermanos y hermanas que est\u00e1n necesitados y sufren. Al hacerlo, lo abrimos al Ni\u00f1o Jes\u00fas que, con sus brazos abiertos, nos acoge y nos revela su divinidad\u201d, a\u00f1adi\u00f3.\u200b<\/em><\/p>\n\n\n\n<p>Siguiendo la pr\u00e1ctica establecida por su antecesor Francisco, Le\u00f3n XIV dedic\u00f3 parte de su primer mensaje navide\u00f1o a repasar los conflictos armados y problemas humanitarios que afectan diversas regiones, solicitando paz para Oriente Medio, Ucrania y otros territorios impactados por la guerra.<\/p>\n\n\n\n<p>Fuente: Diario el Correo.<\/p>\n","protected":false},"excerpt":{"rendered":"<p>El papa Le\u00f3n XIV dirigi\u00f3 su primer mensaje de Navidad desde el balc\u00f3n central de la bas\u00edlica de San Pedro, donde realiz\u00f3 un llamado espec\u00edfico a los l\u00edderes pol\u00edticos de Am\u00e9rica Latina para que prioricen el di\u00e1logo y el bien com\u00fan frente a las divisiones partidistas.\u200b Antes de impartir la tradicional bendici\u00f3n \u2018Urbi et Orbi\u2019, [&hellip;]<\/p>\n","protected":false},"author":1,"featured_media":404,"comment_status":"open","ping_status":"open","sticky":false,"template":"","format":"standard","meta":{"footnotes":""},"categories":[1],"tags":[],"class_list":{"0":"post-403","1":"post","2":"type-post","3":"status-publish","4":"format-standard","5":"has-post-thumbnail","7":"category-uncategorized"},"_links":{"self":[{"href":"https:\/\/radiolasalle.pe\/salle\/wp-json\/wp\/v2\/posts\/403","targetHints":{"allow":["GET"]}}],"collection":[{"href":"https:\/\/radiolasalle.pe\/salle\/wp-json\/wp\/v2\/posts"}],"about":[{"href":"https:\/\/radiolasalle.pe\/salle\/wp-json\/wp\/v2\/types\/post"}],"author":[{"embeddable":true,"href":"https:\/\/radiolasalle.pe\/salle\/wp-json\/wp\/v2\/users\/1"}],"replies":[{"embeddable":true,"href":"https:\/\/radiolasalle.pe\/salle\/wp-json\/wp\/v2\/comments?post=403"}],"version-history":[{"count":1,"href":"https:\/\/radiolasalle.pe\/salle\/wp-json\/wp\/v2\/posts\/403\/revisions"}],"predecessor-version":[{"id":405,"href":"https:\/\/radiolasalle.pe\/salle\/wp-json\/wp\/v2\/posts\/403\/revisions\/405"}],"wp:featuredmedia":[{"embeddable":true,"href":"https:\/\/radiolasalle.pe\/salle\/wp-json\/wp\/v2\/media\/404"}],"wp:attachment":[{"href":"https:\/\/radiolasalle.pe\/salle\/wp-json\/wp\/v2\/media?parent=403"}],"wp:term":[{"taxonomy":"category","embeddable":true,"href":"https:\/\/radiolasalle.pe\/salle\/wp-json\/wp\/v2\/categories?post=403"},{"taxonomy":"post_tag","embeddable":true,"href":"https:\/\/radiolasalle.pe\/salle\/wp-json\/wp\/v2\/tags?post=403"}],"curies":[{"name":"wp","href":"https:\/\/api.w.org\/{rel}","templated":true}]}}