{"id":413,"date":"2025-12-29T14:17:03","date_gmt":"2025-12-29T14:17:03","guid":{"rendered":"https:\/\/radiolasalle.pe\/salle\/?p=413"},"modified":"2025-12-29T14:17:05","modified_gmt":"2025-12-29T14:17:05","slug":"moodys-solida-posicion-financiera-del-peru-respalda-grado-de-inversion","status":"publish","type":"post","link":"https:\/\/radiolasalle.pe\/salle\/2025\/12\/29\/moodys-solida-posicion-financiera-del-peru-respalda-grado-de-inversion\/","title":{"rendered":"Moody\u2019s: s\u00f3lida posici\u00f3n financiera del Per\u00fa respalda grado de inversi\u00f3n"},"content":{"rendered":"\n<p>La econom\u00eda peruana muestra indicadores superiores a lo esperado, mejorando su perspectiva y robusteciendo la confianza; no obstante, tenemos un 2026 que concitar\u00e1 el inter\u00e9s local e internacional por las pr\u00f3ximas elecciones.<br>La mirada internacional a nuestro desempe\u00f1o econ\u00f3mico es importante para conocer qu\u00e9 estamos haciendo bien y qu\u00e9 debemos mejorar para lograr mejores resultados a fin de reducir la pobreza y avanzar para tener un pa\u00eds desarrollado.<\/p>\n\n\n\n<p>En ese sentido, el vicepresidente y oficial senior de cr\u00e9dito y riesgo soberano de Moody\u2019s Ratings, Renzo Merino, de una de las principales agencias calificadoras de riesgos crediticios en el mundo, nos se\u00f1ala los avances y los retos que deber\u00eda afrontar nuestro del pa\u00eds para lograr sus objetivos.<\/p>\n\n\n\n<p>\u201cEsperamos que la econom\u00eda se expanda 3.3% al cierre de este a\u00f1o. Durante el transcurso del 2025 se han observado din\u00e1micas muy favorables tanto en la demanda interna como en el sector externo. Gracias a la creaci\u00f3n de mayor empleo formal, adem\u00e1s del incremento en el salario real, hubo una mayor demanda por cr\u00e9dito, apoyando el consumo a la vez que las hojas de balance de los hogares se hayan robustecido\u201d, declar\u00f3 al diario oficial El Peruano.<\/p>\n\n\n\n<figure class=\"wp-block-image\"><img decoding=\"async\" src=\"https:\/\/elperuano.pe\/fotografia\/\/thumbnail\/2025\/12\/29\/000363911M.jpg\" alt=\"\"\/><\/figure>\n\n\n\n<p>La confianza de los inversionistas se ha mantenido en territorio optimista y junto con una mayor demanda por bienes importados de capital, soportar\u00e1n una continua expansi\u00f3n de la inversi\u00f3n en el pa\u00eds, agreg\u00f3.<\/p>\n\n\n\n<p>En el lado externo, explica que nuestro pa\u00eds muestra unos t\u00e9rminos de intercambio \u2013 el balance entre los precios de las exportaciones e importaciones del pa\u00eds \u2013 favorables y una fuerte demanda por las exportaciones peruanas, tanto tradicionales como no tradicionales.<\/p>\n\n\n\n<p>Estos mejores t\u00e9rminos de intercambio contin\u00faan apoyando el crecimiento del Producto Bruto Interno (PBI) y el super\u00e1vit de cuenta corriente que registra el pa\u00eds, enfatiza Merino.<\/p>\n\n\n\n<p>Panorama al 2026<\/p>\n\n\n\n<p>Respecto a la perspectiva de crecimiento de la econom\u00eda para el 2026, prev\u00e9 que el comercio exterior continuar\u00e1 con un buen desempe\u00f1o.<\/p>\n\n\n\n<p>\u201cPara el 2026, pronosticamos una tasa de crecimiento del PBI alrededor del 3%. Dado el contexto global, esperamos que los t\u00e9rminos de intercambio se mantengan en niveles favorables. Esto incentivar\u00eda la inversi\u00f3n en el pa\u00eds aun cuando se tiende a ver una desaceleraci\u00f3n de la inversi\u00f3n durante los periodos electorales\u201d, indic\u00f3.<\/p>\n\n\n\n<p>Asimismo, con relaci\u00f3n a los factores internos o externos que incidir\u00e1n m\u00e1s en la econom\u00eda peruana el 2026, Renzo Merino destaca que ser\u00e1n las variables locales referidas a las elecciones, no obstante destaca la fortaleza de la demanda interna.<\/p>\n\n\n\n<p>\u201cCon las elecciones que se llevar\u00e1n a cabo en el 2026, los factores internos probablemente pesar\u00e1n m\u00e1s sobre la actividad. La demanda dom\u00e9stica ha demostrado una resiliencia importante en un contexto de volatilidad pol\u00edtica en el 2025\u201d, se\u00f1ala.<\/p>\n\n\n\n<figure class=\"wp-block-image\"><img decoding=\"async\" src=\"https:\/\/elperuano.pe\/fotografia\/\/thumbnail\/2025\/12\/29\/000363913M.jpg\" alt=\"\"\/><\/figure>\n\n\n\n<p>\u201cSi a medida que nos aproximamos a las elecciones la probabilidad de que emerja un candidato antisistema se mantiene reducida, eso podr\u00eda ayudar a que las din\u00e1micas de consumo e inversi\u00f3n en la primera mitad del a\u00f1o sean m\u00e1s robustas\u201d, agrega.<\/p>\n\n\n\n<p>Asimismo, enfatiza que el resultado electoral tambi\u00e9n ser\u00e1 muy relevante en la medida de que auguren que haya mayor estabilidad del sistema pol\u00edtico en los pr\u00f3ximos a\u00f1os y que la nueva administraci\u00f3n apoye la estabilidad macroecon\u00f3mica del pa\u00eds, y fomente un ambiente m\u00e1s propicio para la inversi\u00f3n.<\/p>\n\n\n\n<p>\u201cDe darse estas condiciones, el crecimiento econ\u00f3mico del pr\u00f3ximo a\u00f1o podr\u00eda ser mayor al que esperamos actualmente\u201d, subraya el analista de Moody\u2019s.<\/p>\n\n\n\n<p>Agenda<\/p>\n\n\n\n<p>Con relaci\u00f3n a la agenda en materia econ\u00f3mica que enfrentar\u00e1 el siguiente gobierno a fin de seguir creciendo y reduciendo la pobreza, Merino enfatiza en la disciplina fiscal.<\/p>\n\n\n\n<p>\u201cEsperamos que el siguiente gobierno mantenga la disciplina fiscal que ha caracterizado al Per\u00fa, la cual es un soporte muy importante para la solidez financiera del gobierno y su perfil crediticio\u201d, precisa.<\/p>\n\n\n\n<p>\u201cEn la medida que haya mayor estabilidad pol\u00edtica y se fomenten pol\u00edticas que apoyen la inversi\u00f3n privada, el crecimiento econ\u00f3mico deber\u00eda mantenerse robusto y se podr\u00e1 aprovechar las condiciones externas favorables\u201d, agrega.<\/p>\n\n\n\n<p>Asimismo, subraya que la siguiente gesti\u00f3n gubernamental deber\u00e1 fortalecer las instituciones pol\u00edticas y la gobernanza, a fin de abordar una de las principales debilidades del perfil crediticio soberano del Per\u00fa.<\/p>\n\n\n\n<p>\u201cEnfrentar temas como la inseguridad ser\u00e1 importante por el costo econ\u00f3mico que este problema implica, adem\u00e1s del efecto negativo que tiene el crimen sobre el bienestar de la poblaci\u00f3n\u201d, subraya.<\/p>\n\n\n\n<p>\u201cAdem\u00e1s, se podr\u00eda lograr un mayor progreso en la reducci\u00f3n de la pobreza y desarrollo humano si se atienden otros temas estructurales como la alta informalidad, la baja productividad, la calidad educativa y desarrollo regional desigual\u201d, enfatiza el especialista.<\/p>\n\n\n\n<p>Calificaci\u00f3n crediticia<\/p>\n\n\n\n<figure class=\"wp-block-image\"><img decoding=\"async\" src=\"https:\/\/elperuano.pe\/fotografia\/\/thumbnail\/2025\/12\/29\/000363934M.jpg\" alt=\"\"\/><\/figure>\n\n\n\n<p>En cuanto a la situaci\u00f3n actual y perspectiva de la calificaci\u00f3n peruana, el analista de Moody\u2019s explica los fundamentos del grado de inversi\u00f3n que ostenta nuestro pa\u00eds.<\/p>\n\n\n\n<p>\u201cLa calificaci\u00f3n soberana del Per\u00fa est\u00e1 actualmente en el nivel Baa1, tres pelda\u00f1os dentro de lo que se conoce como grado de inversi\u00f3n, con perspectiva estable. Tiene la misma calificaci\u00f3n que pa\u00edses como Bulgaria, Kazajist\u00e1n, Tailandia y Uruguay\u201d, se\u00f1ala.<\/p>\n\n\n\n<p>\u201cEsta calificaci\u00f3n se sostiene en la s\u00f3lida posici\u00f3n financiera del gobierno, un marco fiscal robusto y un historial consistente de estabilidad macroecon\u00f3mica. Estos puntos fuertes se ven afectados por desaf\u00edos persistentes debido a la debilidad de las instituciones pol\u00edticas\u201d, detalla.<\/p>\n\n\n\n<p>Adem\u00e1s, comenta que un entorno pol\u00edtico m\u00e1s estable que respalde la cohesi\u00f3n institucional y d\u00e9 lugar a reformas sostenibles que impulsen el crecimiento, mejoren el desempe\u00f1o fiscal y conduzcan a mejores din\u00e1micas de deuda llevar\u00eda a una mejora de la calificaci\u00f3n soberana del Per\u00fa.<\/p>\n\n\n\n<p>\u201cEl fortalecimiento de la gobernanza, particularmente en lo relacionado con las instituciones pol\u00edticas, la corrupci\u00f3n y la econom\u00eda informal, mejorar\u00eda la solvencia crediticia soberana\u201d, puntualiza.<\/p>\n\n\n\n<p>Confianza empresarial<\/p>\n\n\n\n<p>La mejora de las expectativas de crecimiento de la econom\u00eda peruana tiene un correlato con las de los empresarios, as\u00ed en la encuesta que realiza el Banco Central de Reserva (BCR), en su \u00faltimo Reporte de Inflaci\u00f3n del a\u00f1o, se\u00f1ala que \u201clas expectativas de los empresarios sobre la econom\u00eda y su sector se mantienen en el tramo optimista desde mediados del 2024, con la mayor\u00eda de indicadores mostrando aumentos durante el a\u00f1o\u201d, lo cual tambi\u00e9n se traduce a su vez en un mejor desempe\u00f1o de la inversi\u00f3n privada y las expectativas al 2026.<\/p>\n\n\n\n<p>As\u00ed, en noviembre \u00faltimo, la confianza de los empresarios sobre la econom\u00eda a 3 meses se situ\u00f3 en 58.2 puntos y a 12 meses en 63.9 puntos. Respecto a las expectativas sobre su sector, a 3 meses se ubic\u00f3 en 58.3 puntos y a 12 meses en 66.2 puntos; todos estos resultados en el tramo optimista (mayor a 50 puntos en una escala de 1 a 100) y con tendencia al alza.<\/p>\n\n\n\n<figure class=\"wp-block-image\"><img decoding=\"async\" src=\"https:\/\/elperuano.pe\/fotografia\/\/thumbnail\/2025\/12\/29\/000363935M.jpg\" alt=\"\"\/><\/figure>\n\n\n\n<p>En ese sentido, las expectativas sobre la inversi\u00f3n privada, contin\u00faan mejorando, se\u00f1ala el BCR, y prev\u00e9 que crezca 9.5% al cierre del presente a\u00f1o. \u201cPara 2026 y 2027 se proyecta un crecimiento de 5%, acumulando 3 a\u00f1os consecutivos de crecimiento de la inversi\u00f3n privada por encima del producto\u201d, detalla el ente emisor.<\/p>\n\n\n\n<p>Tambi\u00e9n, el Banco Central indica que tomando en cuenta las \u00faltimas proyecciones del mercado, la econom\u00eda peruana ser\u00e1 una de las de mayor crecimiento en la regi\u00f3n en el 2025 y el 2026. As\u00ed, el 2025 el PBI del Per\u00fa se situar\u00e1 en 3.3% y el 2026 en 3%, por encima del promedio de la regi\u00f3n Latinoamericana de 2.2% en el 2025 y 2.1% en el 2026.<\/p>\n\n\n\n<p>Fuente: Diario el Peruano.<\/p>\n","protected":false},"excerpt":{"rendered":"<p>La econom\u00eda peruana muestra indicadores superiores a lo esperado, mejorando su perspectiva y robusteciendo la confianza; no obstante, tenemos un 2026 que concitar\u00e1 el inter\u00e9s local e internacional por las pr\u00f3ximas elecciones.La mirada internacional a nuestro desempe\u00f1o econ\u00f3mico es importante para conocer qu\u00e9 estamos haciendo bien y qu\u00e9 debemos mejorar para lograr mejores resultados a [&hellip;]<\/p>\n","protected":false},"author":1,"featured_media":414,"comment_status":"open","ping_status":"open","sticky":false,"template":"","format":"standard","meta":{"footnotes":""},"categories":[1],"tags":[],"class_list":{"0":"post-413","1":"post","2":"type-post","3":"status-publish","4":"format-standard","5":"has-post-thumbnail","7":"category-uncategorized"},"_links":{"self":[{"href":"https:\/\/radiolasalle.pe\/salle\/wp-json\/wp\/v2\/posts\/413","targetHints":{"allow":["GET"]}}],"collection":[{"href":"https:\/\/radiolasalle.pe\/salle\/wp-json\/wp\/v2\/posts"}],"about":[{"href":"https:\/\/radiolasalle.pe\/salle\/wp-json\/wp\/v2\/types\/post"}],"author":[{"embeddable":true,"href":"https:\/\/radiolasalle.pe\/salle\/wp-json\/wp\/v2\/users\/1"}],"replies":[{"embeddable":true,"href":"https:\/\/radiolasalle.pe\/salle\/wp-json\/wp\/v2\/comments?post=413"}],"version-history":[{"count":1,"href":"https:\/\/radiolasalle.pe\/salle\/wp-json\/wp\/v2\/posts\/413\/revisions"}],"predecessor-version":[{"id":415,"href":"https:\/\/radiolasalle.pe\/salle\/wp-json\/wp\/v2\/posts\/413\/revisions\/415"}],"wp:featuredmedia":[{"embeddable":true,"href":"https:\/\/radiolasalle.pe\/salle\/wp-json\/wp\/v2\/media\/414"}],"wp:attachment":[{"href":"https:\/\/radiolasalle.pe\/salle\/wp-json\/wp\/v2\/media?parent=413"}],"wp:term":[{"taxonomy":"category","embeddable":true,"href":"https:\/\/radiolasalle.pe\/salle\/wp-json\/wp\/v2\/categories?post=413"},{"taxonomy":"post_tag","embeddable":true,"href":"https:\/\/radiolasalle.pe\/salle\/wp-json\/wp\/v2\/tags?post=413"}],"curies":[{"name":"wp","href":"https:\/\/api.w.org\/{rel}","templated":true}]}}