{"id":425,"date":"2025-12-30T15:16:43","date_gmt":"2025-12-30T15:16:43","guid":{"rendered":"https:\/\/radiolasalle.pe\/salle\/?p=425"},"modified":"2025-12-30T15:16:45","modified_gmt":"2025-12-30T15:16:45","slug":"arequipa-piden-a-la-unsa-aclarar-presunto-hostigamiento-a-kevin-autista","status":"publish","type":"post","link":"https:\/\/radiolasalle.pe\/salle\/2025\/12\/30\/arequipa-piden-a-la-unsa-aclarar-presunto-hostigamiento-a-kevin-autista\/","title":{"rendered":"Arequipa: Piden a la Unsa aclarar presunto hostigamiento a \u201cKevin Autista\u201d"},"content":{"rendered":"\n<p><strong>La Navidad comenz\u00f3 radiante para la familia de Lener Choque Laura, pero termin\u00f3 convirti\u00e9ndose en una herida abierta. A las 7:30 de la ma\u00f1ana del 25 de diciembre, Luisa llam\u00f3 a su hijo Lener para invitarlo a casa, \u00e9l respondi\u00f3 con normalidad que s\u00ed ir\u00eda. Sin embargo, horas despu\u00e9s, todo cambi\u00f3. \u201cMam\u00e1, no voy a ir\u201d, le dijo a trav\u00e9s de un mensajes seguido de otro mucho m\u00e1s desconcertante. \u201cHubiera querido despedirme en persona, pero no se va a poder\u201d.<\/strong><\/p>\n\n\n\n<p>Desde entonces, la voz de Luisa clama por la tragedia que enlut\u00f3 a su familia y que presuntamente fue desencadenada por un supuesto caso de&nbsp;<strong>hostigamiento que hoy exige que sea investigado.<\/strong><\/p>\n\n\n\n<p>Lener era estudiante del \u00faltimo a\u00f1o de la Escuela de Gesti\u00f3n en la Universidad Nacional de San Agust\u00edn y en las redes sociales se hac\u00eda llamar&nbsp;<strong>\u201cKevin Autista\u201d<\/strong>&nbsp;donde buscaba la concientizaci\u00f3n del&nbsp;<strong>autismo<\/strong>, condici\u00f3n que \u00e9l padec\u00eda. Hablaba con claridad sobre la necesidad de comprensi\u00f3n, respeto y buen trato hacia las personas dentro del espectro. Su mensaje estaba dirigido no solo a la sociedad en general, sino tambi\u00e9n a las instituciones, donde, seg\u00fan su familia, la empat\u00eda a\u00fan es una deuda pendiente.<\/p>\n\n\n\n<h2 class=\"wp-block-heading\"><mark><strong>HORAS DE ANGUSTIA<\/strong><\/mark><\/h2>\n\n\n\n<p>Tras recibir aquel inquietante mensaje, Luisa sali\u00f3 a buscar a su hijo a su departamento ubicado en Miraflores y encontr\u00f3 todo tirado. Supo entonces que Lener hab\u00eda tenido una crisis.&nbsp;<em><strong>\u201cYo s\u00e9 que por dentro estaba roto\u201d<\/strong><\/em>, dijo. Luego vieron que su hijo hab\u00eda compartido en su estado de WhatsApp una foto del puente Chilina, ese fue el \u00faltimo momento con vida del estudiante. Cuando su madre lleg\u00f3 al lugar, \u00e9l ya hab\u00eda fallecido.<strong>&nbsp;\u201c<\/strong><em><strong>Yo llam\u00e9 a la polic\u00eda para que me ayudara. Llam\u00e9 a las comisar\u00edas de Selva Alegre y Yanahuara, nunca me respondieron. No pude salvar a mi hijo\u201d<\/strong><\/em>, sostuvo Luisa entre l\u00e1grimas.<\/p>\n\n\n\n<h2 class=\"wp-block-heading\"><mark><strong>DENUNCIA<\/strong><\/mark><\/h2>\n\n\n\n<p>El dolor de la madre se mezcla con la exigencia firme de que se investigue el&nbsp;<strong>presunto hostigamiento acad\u00e9mico que Lener habr\u00eda sufrido en la Universidad&nbsp;<\/strong>y que aseguran fue el desencadenante de su muerte. De acuerdo con el testimonio de la familia, el estudiante habr\u00eda presentado ante las autoridades universitarias una denuncia documentada de los&nbsp;<strong>comentarios y actitudes discriminatorias&nbsp;<\/strong>que habr\u00eda tenido una docente por su condici\u00f3n, program\u00e1ndose una cita.<\/p>\n\n\n\n<p>El 16 de diciembre, Lener le explic\u00f3 a su madre y hermana lo que le suced\u00eda, el joven no sol\u00eda exponer sus conflictos a menudo porque sab\u00eda que la presi\u00f3n pod\u00eda afectar gravemente su estado emocional. Madre e hija sostienen que la audiencia se habr\u00eda llevado a cabo y en ella<strong>&nbsp;Lener no encontr\u00f3 protecci\u00f3n institucional<\/strong>, pese a haber pedido ayuda, lo que lo abrum\u00f3 llev\u00e1ndolo al extremo.<\/p>\n\n\n\n<p>Luisa pide que el caso de su hijo sea esclarecido por la Universidad. Exige que se eval\u00fae la actuaci\u00f3n de la docente que su hijo supuestamente denunci\u00f3 y que se revisen los procedimientos universitarios para que ninguna otra familia atraviese lo que hoy ella vive.&nbsp;<em><strong>\u201cPara personas como mi hijo se necesita comprensi\u00f3n, buen trato y respeto. No quiero que esto se quede as\u00ed\u201d,<\/strong><\/em>&nbsp;dijo.<\/p>\n\n\n\n<p>El estudiante no solo hablaba de autismo en redes. Viaj\u00f3 fuera de Arequipa para reunirse con integrantes de su comunidad que hab\u00eda formado a mediados del a\u00f1o y dialogar sobre su condici\u00f3n, buscando derribar estigmas. Por eso, su muerte ha golpeado tambi\u00e9n a sus seguidores.&nbsp;<em><strong>\u201cDuele que la vida de una persona que hac\u00eda tanto por el autismo se haya apagado de esta manera\u201d,<\/strong><\/em>&nbsp;sostuvo su hermana.<\/p>\n\n\n\n<h2 class=\"wp-block-heading\"><mark><strong>NO HUBO REGISTRO DE DENUNCIA<\/strong><\/mark><\/h2>\n\n\n\n<p>A trav\u00e9s de un comunicado, la Defensor\u00eda universitaria expres\u00f3 sus condolencias por la muerte del estudiante y a la vez inform\u00f3 que<strong>&nbsp;no tienen registro de ninguna denuncia formal&nbsp;<\/strong>del estudiante como alega su familia.<\/p>\n\n\n\n<p>No obstante, desde imagen institucional de la Universidad, se inform\u00f3 que el caso ser\u00e1 investigado para esclarecer lo ocurrido con el estudiante.<\/p>\n\n\n\n<figure class=\"wp-block-image\"><img decoding=\"async\" src=\"https:\/\/diariocorreo.pe\/resizer\/v2\/SYPB6WK72ZAXRH3EBUAZ4SKFSU.jpg?auth=a757a6827aabfd856e8d69b6e870d3222005f3f13111f1ace928e0bb0af74e81&amp;width=1200&amp;height=1335&amp;quality=75&amp;smart=true\" alt=\"Comunicado de la UNSA.\"\/><\/figure>\n\n\n\n<p>Fuente: Diario el Correo.<\/p>\n","protected":false},"excerpt":{"rendered":"<p>La Navidad comenz\u00f3 radiante para la familia de Lener Choque Laura, pero termin\u00f3 convirti\u00e9ndose en una herida abierta. A las 7:30 de la ma\u00f1ana del 25 de diciembre, Luisa llam\u00f3 a su hijo Lener para invitarlo a casa, \u00e9l respondi\u00f3 con normalidad que s\u00ed ir\u00eda. Sin embargo, horas despu\u00e9s, todo cambi\u00f3. \u201cMam\u00e1, no voy a [&hellip;]<\/p>\n","protected":false},"author":1,"featured_media":426,"comment_status":"open","ping_status":"open","sticky":false,"template":"","format":"standard","meta":{"footnotes":""},"categories":[1],"tags":[],"class_list":{"0":"post-425","1":"post","2":"type-post","3":"status-publish","4":"format-standard","5":"has-post-thumbnail","7":"category-uncategorized"},"_links":{"self":[{"href":"https:\/\/radiolasalle.pe\/salle\/wp-json\/wp\/v2\/posts\/425","targetHints":{"allow":["GET"]}}],"collection":[{"href":"https:\/\/radiolasalle.pe\/salle\/wp-json\/wp\/v2\/posts"}],"about":[{"href":"https:\/\/radiolasalle.pe\/salle\/wp-json\/wp\/v2\/types\/post"}],"author":[{"embeddable":true,"href":"https:\/\/radiolasalle.pe\/salle\/wp-json\/wp\/v2\/users\/1"}],"replies":[{"embeddable":true,"href":"https:\/\/radiolasalle.pe\/salle\/wp-json\/wp\/v2\/comments?post=425"}],"version-history":[{"count":1,"href":"https:\/\/radiolasalle.pe\/salle\/wp-json\/wp\/v2\/posts\/425\/revisions"}],"predecessor-version":[{"id":427,"href":"https:\/\/radiolasalle.pe\/salle\/wp-json\/wp\/v2\/posts\/425\/revisions\/427"}],"wp:featuredmedia":[{"embeddable":true,"href":"https:\/\/radiolasalle.pe\/salle\/wp-json\/wp\/v2\/media\/426"}],"wp:attachment":[{"href":"https:\/\/radiolasalle.pe\/salle\/wp-json\/wp\/v2\/media?parent=425"}],"wp:term":[{"taxonomy":"category","embeddable":true,"href":"https:\/\/radiolasalle.pe\/salle\/wp-json\/wp\/v2\/categories?post=425"},{"taxonomy":"post_tag","embeddable":true,"href":"https:\/\/radiolasalle.pe\/salle\/wp-json\/wp\/v2\/tags?post=425"}],"curies":[{"name":"wp","href":"https:\/\/api.w.org\/{rel}","templated":true}]}}