{"id":467,"date":"2026-01-08T16:11:13","date_gmt":"2026-01-08T16:11:13","guid":{"rendered":"https:\/\/radiolasalle.pe\/salle\/?p=467"},"modified":"2026-01-08T16:11:15","modified_gmt":"2026-01-08T16:11:15","slug":"vuelven-las-vacaciones-utiles-y-recreativas-gratuitas-en-la-salle-2026","status":"publish","type":"post","link":"https:\/\/radiolasalle.pe\/salle\/2026\/01\/08\/vuelven-las-vacaciones-utiles-y-recreativas-gratuitas-en-la-salle-2026\/","title":{"rendered":"\u00a1Vuelven las vacaciones \u00fatiles y recreativas gratuitas en La Salle 2026!"},"content":{"rendered":"\n<p>Pap\u00e1, mam\u00e1, si tienes hijos estudiando de primero a sexto grado de primaria, ven a Radio La Salle a inscribirlos desde el martes 23 de diciembre del 2025 hasta el viernes 9 de enero del 2026.<\/p>\n\n\n\n<p>Las inscripciones se realizan en la Secretar\u00eda de Radio La Salle, en horarios de nueve de la ma\u00f1ana a doce del mediod\u00eda. El hermano Gerber Concha C\u00e1rdenas, junto a los hermanos Mois\u00e9s Berdecio, Orlando Rojas, Sebasti\u00e1n Guadamur y Jonathan A\u00f1ez, postulantes para hermanos de La Salle, acompa\u00f1ar\u00e1n estas vacaciones \u00fatiles y recreativas 2026.<\/p>\n\n\n\n<p>Las actividades se desarrollar\u00e1n en la Escuela Superior Pedag\u00f3gica La Salle y se iniciar\u00e1n el lunes 12 de enero hasta el viernes 6 de febrero del 2026, en el horario de ocho y media de la ma\u00f1ana a doce del mediod\u00eda.<\/p>\n\n\n\n<p>Tambi\u00e9n se impartir\u00e1n talleres de f\u00fatbol, b\u00e1squet y v\u00f3ley. Este programa est\u00e1 dirigido a ni\u00f1os y ni\u00f1as de bajos recursos econ\u00f3micos.<\/p>\n\n\n\n<p><strong>#La Salle Urubamba<\/strong><\/p>\n\n\n\n<p><\/p>\n","protected":false},"excerpt":{"rendered":"<p>Pap\u00e1, mam\u00e1, si tienes hijos estudiando de primero a sexto grado de primaria, ven a Radio La Salle a inscribirlos desde el martes 23 de diciembre del 2025 hasta el viernes 9 de enero del 2026. Las inscripciones se realizan en la Secretar\u00eda de Radio La Salle, en horarios de nueve de la ma\u00f1ana a [&hellip;]<\/p>\n","protected":false},"author":1,"featured_media":468,"comment_status":"open","ping_status":"open","sticky":false,"template":"","format":"standard","meta":{"footnotes":""},"categories":[22,32],"tags":[],"class_list":{"0":"post-467","1":"post","2":"type-post","3":"status-publish","4":"format-standard","5":"has-post-thumbnail","7":"category-educacion","8":"category-local"},"_links":{"self":[{"href":"https:\/\/radiolasalle.pe\/salle\/wp-json\/wp\/v2\/posts\/467","targetHints":{"allow":["GET"]}}],"collection":[{"href":"https:\/\/radiolasalle.pe\/salle\/wp-json\/wp\/v2\/posts"}],"about":[{"href":"https:\/\/radiolasalle.pe\/salle\/wp-json\/wp\/v2\/types\/post"}],"author":[{"embeddable":true,"href":"https:\/\/radiolasalle.pe\/salle\/wp-json\/wp\/v2\/users\/1"}],"replies":[{"embeddable":true,"href":"https:\/\/radiolasalle.pe\/salle\/wp-json\/wp\/v2\/comments?post=467"}],"version-history":[{"count":1,"href":"https:\/\/radiolasalle.pe\/salle\/wp-json\/wp\/v2\/posts\/467\/revisions"}],"predecessor-version":[{"id":469,"href":"https:\/\/radiolasalle.pe\/salle\/wp-json\/wp\/v2\/posts\/467\/revisions\/469"}],"wp:featuredmedia":[{"embeddable":true,"href":"https:\/\/radiolasalle.pe\/salle\/wp-json\/wp\/v2\/media\/468"}],"wp:attachment":[{"href":"https:\/\/radiolasalle.pe\/salle\/wp-json\/wp\/v2\/media?parent=467"}],"wp:term":[{"taxonomy":"category","embeddable":true,"href":"https:\/\/radiolasalle.pe\/salle\/wp-json\/wp\/v2\/categories?post=467"},{"taxonomy":"post_tag","embeddable":true,"href":"https:\/\/radiolasalle.pe\/salle\/wp-json\/wp\/v2\/tags?post=467"}],"curies":[{"name":"wp","href":"https:\/\/api.w.org\/{rel}","templated":true}]}}