{"id":489,"date":"2026-01-14T15:09:59","date_gmt":"2026-01-14T15:09:59","guid":{"rendered":"https:\/\/radiolasalle.pe\/salle\/?p=489"},"modified":"2026-01-14T15:10:01","modified_gmt":"2026-01-14T15:10:01","slug":"menor-de-edad-fallece-en-el-interior-de-academia-preuniversitaria-en-cusco","status":"publish","type":"post","link":"https:\/\/radiolasalle.pe\/salle\/2026\/01\/14\/menor-de-edad-fallece-en-el-interior-de-academia-preuniversitaria-en-cusco\/","title":{"rendered":"Menor de edad fallece en el interior de academia preuniversitaria en Cusco"},"content":{"rendered":"\n<p>Una&nbsp;<strong>menor de 16 a\u00f1os perdi\u00f3 la vida la noche del \u00faltimo lunes en Cusco<\/strong>, en las instalaciones de una academia preuniversitaria ubicada en la avenida Los Incas.<\/p>\n\n\n\n<p>El hecho ocurri\u00f3 aproximadamente a las 19:30 horas, en el interior de la academia Millenium, donde la menor&nbsp;<strong>Brit Valverde (16)<\/strong>&nbsp;habr\u00eda sufrido una descompensaci\u00f3n que posteriormente le quit\u00f3 la vida.<\/p>\n\n\n\n<p>Seg\u00fan la Polic\u00eda, hasta el lugar llegaron agentes del Samu, sin embargo ya no habr\u00edan detectado signos vitales en la menor, comunicando el hecho a la Polic\u00eda y Ministerio P\u00fablico.<\/p>\n\n\n\n<p>Al colegio llegaron los familiares de la menor, procedentes de la regi\u00f3n Apur\u00edmac, quienes denunciaron una presunta falta de atenci\u00f3n en el interior del local, denunciando tambi\u00e9n que no contar\u00eda con enfermer\u00eda ni t\u00f3pico.<\/p>\n\n\n\n<p>\u201cElla es alumna del colegio y de la academia, ella estaba sana, solo nos han dicho se ha descompensado y solamente le han acudido dos de sus compa\u00f1eros, ac\u00e1 al frente hay hospitales, cl\u00ednicas, pod\u00edan llevarla pero no lo han hecho, no tienen ni t\u00f3pico\u201d, cit\u00f3 el t\u00edo de la v\u00edctima, que lleg\u00f3 hasta el centro de estudios.<\/p>\n\n\n\n<p>Finalmente el cuerpo de la menor fue levantado para ser internado en la morgue del sector, desde la academia en menci\u00f3n no emitieron ning\u00fan comunicado hasta el cierre de esta nota.<\/p>\n\n\n\n<p>Fuente: Diario El Correo.<\/p>\n","protected":false},"excerpt":{"rendered":"<p>Una&nbsp;menor de 16 a\u00f1os perdi\u00f3 la vida la noche del \u00faltimo lunes en Cusco, en las instalaciones de una academia preuniversitaria ubicada en la avenida Los Incas. El hecho ocurri\u00f3 aproximadamente a las 19:30 horas, en el interior de la academia Millenium, donde la menor&nbsp;Brit Valverde (16)&nbsp;habr\u00eda sufrido una descompensaci\u00f3n que posteriormente le quit\u00f3 la [&hellip;]<\/p>\n","protected":false},"author":1,"featured_media":490,"comment_status":"open","ping_status":"open","sticky":false,"template":"","format":"standard","meta":{"footnotes":""},"categories":[32],"tags":[],"class_list":{"0":"post-489","1":"post","2":"type-post","3":"status-publish","4":"format-standard","5":"has-post-thumbnail","7":"category-local"},"_links":{"self":[{"href":"https:\/\/radiolasalle.pe\/salle\/wp-json\/wp\/v2\/posts\/489","targetHints":{"allow":["GET"]}}],"collection":[{"href":"https:\/\/radiolasalle.pe\/salle\/wp-json\/wp\/v2\/posts"}],"about":[{"href":"https:\/\/radiolasalle.pe\/salle\/wp-json\/wp\/v2\/types\/post"}],"author":[{"embeddable":true,"href":"https:\/\/radiolasalle.pe\/salle\/wp-json\/wp\/v2\/users\/1"}],"replies":[{"embeddable":true,"href":"https:\/\/radiolasalle.pe\/salle\/wp-json\/wp\/v2\/comments?post=489"}],"version-history":[{"count":1,"href":"https:\/\/radiolasalle.pe\/salle\/wp-json\/wp\/v2\/posts\/489\/revisions"}],"predecessor-version":[{"id":491,"href":"https:\/\/radiolasalle.pe\/salle\/wp-json\/wp\/v2\/posts\/489\/revisions\/491"}],"wp:featuredmedia":[{"embeddable":true,"href":"https:\/\/radiolasalle.pe\/salle\/wp-json\/wp\/v2\/media\/490"}],"wp:attachment":[{"href":"https:\/\/radiolasalle.pe\/salle\/wp-json\/wp\/v2\/media?parent=489"}],"wp:term":[{"taxonomy":"category","embeddable":true,"href":"https:\/\/radiolasalle.pe\/salle\/wp-json\/wp\/v2\/categories?post=489"},{"taxonomy":"post_tag","embeddable":true,"href":"https:\/\/radiolasalle.pe\/salle\/wp-json\/wp\/v2\/tags?post=489"}],"curies":[{"name":"wp","href":"https:\/\/api.w.org\/{rel}","templated":true}]}}