{"id":496,"date":"2026-01-15T14:19:36","date_gmt":"2026-01-15T14:19:36","guid":{"rendered":"https:\/\/radiolasalle.pe\/salle\/?p=496"},"modified":"2026-01-15T14:19:38","modified_gmt":"2026-01-15T14:19:38","slug":"cusco-este-viernes-deciden-si-se-cierra-o-no-acceso-al-parque-arqueologico-de-choquequirao","status":"publish","type":"post","link":"https:\/\/radiolasalle.pe\/salle\/2026\/01\/15\/cusco-este-viernes-deciden-si-se-cierra-o-no-acceso-al-parque-arqueologico-de-choquequirao\/","title":{"rendered":"Cusco: Este viernes deciden si se cierra o no acceso al Parque Arqueol\u00f3gico de Choquequirao"},"content":{"rendered":"\n<p>Luego de Machu Picchu,&nbsp;<strong>Choquequirao es considerado el segundo parque arqueol\u00f3gico m\u00e1s importante de Cusco<\/strong>&nbsp;y del Per\u00fa, la impresionante ciudad inca, ubicada en una monta\u00f1a remota en la cordillera de Vilcabamba, es poco visitada debido a su lejan\u00eda y a lo arriesgado de sus caminos.<\/p>\n\n\n\n<p>Justamente este \u00faltimo punto es evaluado por las autoridades de Cusco, quienes se reunieron hace poco para discutir el posible cierre de Choquequirao hasta nuevo aviso, debido a los estragos que las lluvias han causado en los caminos de acceso y salida.<\/p>\n\n\n\n<figure class=\"wp-block-image\"><img decoding=\"async\" src=\"https:\/\/diariocorreo.pe\/resizer\/v2\/6FN3DHYTUZHUZOOHYSWZWYETXI.jpeg?auth=c9c8f4423567e8401207aa7204e5646348483e72b592b935a0596c2608b3bc38&amp;width=1600&amp;height=1039&amp;quality=75&amp;smart=true\" alt=\"\"\/><\/figure>\n\n\n\n<p>Desde la&nbsp;<strong>Gerencia Regional de Comercio Exterior, Turismo y Artesan\u00eda del Cusco<\/strong>, informaron que en el marco de una \u00faltima reuni\u00f3n evaluaron de manera t\u00e9cnica e interinstitucional el estado de la ruta tur\u00edstica y de acceso a Choquequirao, con especial \u00e9nfasis en los aspectos de seguridad y gesti\u00f3n del riesgo para visitantes, pobladores y personal que presta servicios en la zona.<\/p>\n\n\n\n<p><em>\u201cDurante la reuni\u00f3n, se reiter\u00f3 que la gesti\u00f3n del turismo debe abordarse de manera integral, articulada e interinstitucional, priorizando en todo momento la protecci\u00f3n de la vida y la integridad de las personas, as\u00ed como la sostenibilidad del destino tur\u00edstico y el respeto a las comunidades locales cuya econom\u00eda depende mayoritariamente del turismo\u201d<\/em>, citaron desde dicha instituci\u00f3n.<\/p>\n\n\n\n<figure class=\"wp-block-image\"><img decoding=\"async\" src=\"https:\/\/diariocorreo.pe\/resizer\/v2\/72WVUQO2DRH6FG5BAK5EB73ZPE.jpeg?auth=f04a3adcaae287df2560ae45cdb316c461eae5d1335236526ac56400f917834d&amp;width=1600&amp;height=1022&amp;quality=75&amp;smart=true\" alt=\"\"\/><\/figure>\n\n\n\n<p>Tambi\u00e9n mencionaron la necesidad de contar con informes t\u00e9cnicos formales y actualizados, emitidos por las entidades competentes como la Direcci\u00f3n Desconcentrada de Cultura del Cusco, Defensa Civil de las municipalidades involucradas, y la Oficina Regional de Gesti\u00f3n del Riesgo de Desastres y Seguridad del Gobierno Regional Cusco.<\/p>\n\n\n\n<p>Todo esto ser\u00e1 evaluado juntamente a los reportes t\u00e9cnicos del Senamhi y Cenepred, a fin de sustentar una eventual suspensi\u00f3n del ingreso al Parque Arqueol\u00f3gico de Choquequirao.<\/p>\n\n\n\n<figure class=\"wp-block-image\"><img decoding=\"async\" src=\"https:\/\/diariocorreo.pe\/resizer\/v2\/B3HBEYAADZHQPDVSHQAGATTO3Q.jpeg?auth=a946551a3c349950ed6a422c4740f18b61dbcfbd706932f0b25eb6e06d49030e&amp;width=1600&amp;height=966&amp;quality=75&amp;smart=true\" alt=\"\"\/><\/figure>\n\n\n\n<p><em>\u201cSe enfatiza que no se ha adoptado ninguna decisi\u00f3n definitiva respecto al cierre del parque, se acord\u00f3 continuar con el proceso de evaluaci\u00f3n t\u00e9cnica y participar en la segunda reuni\u00f3n de trabajo programada para el viernes 16 de enero de 2026, en la que, sobre la base de los informes correspondientes, se definir\u00e1n las medidas que competan\u201d<\/em>, concluyeron.<\/p>\n\n\n\n<p><strong>DATO:<\/strong><\/p>\n\n\n\n<ul class=\"wp-block-list\">\n<li>Choquequirao fue una ciudad inca, un complejo arqueol\u00f3gico que se cree fue un centro ceremonial y estrat\u00e9gico, con un gran parecido arquitect\u00f3nico a Machu Picchu, pero mucho menos concurrido. Su nombre significa \u2018cuna de oro\u2019 en quechua.<\/li>\n<\/ul>\n\n\n\n<p>Fuente: Diario el Correo.<\/p>\n","protected":false},"excerpt":{"rendered":"<p>Luego de Machu Picchu,&nbsp;Choquequirao es considerado el segundo parque arqueol\u00f3gico m\u00e1s importante de Cusco&nbsp;y del Per\u00fa, la impresionante ciudad inca, ubicada en una monta\u00f1a remota en la cordillera de Vilcabamba, es poco visitada debido a su lejan\u00eda y a lo arriesgado de sus caminos. Justamente este \u00faltimo punto es evaluado por las autoridades de Cusco, [&hellip;]<\/p>\n","protected":false},"author":1,"featured_media":497,"comment_status":"open","ping_status":"open","sticky":false,"template":"","format":"standard","meta":{"footnotes":""},"categories":[32],"tags":[],"class_list":{"0":"post-496","1":"post","2":"type-post","3":"status-publish","4":"format-standard","5":"has-post-thumbnail","7":"category-local"},"_links":{"self":[{"href":"https:\/\/radiolasalle.pe\/salle\/wp-json\/wp\/v2\/posts\/496","targetHints":{"allow":["GET"]}}],"collection":[{"href":"https:\/\/radiolasalle.pe\/salle\/wp-json\/wp\/v2\/posts"}],"about":[{"href":"https:\/\/radiolasalle.pe\/salle\/wp-json\/wp\/v2\/types\/post"}],"author":[{"embeddable":true,"href":"https:\/\/radiolasalle.pe\/salle\/wp-json\/wp\/v2\/users\/1"}],"replies":[{"embeddable":true,"href":"https:\/\/radiolasalle.pe\/salle\/wp-json\/wp\/v2\/comments?post=496"}],"version-history":[{"count":1,"href":"https:\/\/radiolasalle.pe\/salle\/wp-json\/wp\/v2\/posts\/496\/revisions"}],"predecessor-version":[{"id":498,"href":"https:\/\/radiolasalle.pe\/salle\/wp-json\/wp\/v2\/posts\/496\/revisions\/498"}],"wp:featuredmedia":[{"embeddable":true,"href":"https:\/\/radiolasalle.pe\/salle\/wp-json\/wp\/v2\/media\/497"}],"wp:attachment":[{"href":"https:\/\/radiolasalle.pe\/salle\/wp-json\/wp\/v2\/media?parent=496"}],"wp:term":[{"taxonomy":"category","embeddable":true,"href":"https:\/\/radiolasalle.pe\/salle\/wp-json\/wp\/v2\/categories?post=496"},{"taxonomy":"post_tag","embeddable":true,"href":"https:\/\/radiolasalle.pe\/salle\/wp-json\/wp\/v2\/tags?post=496"}],"curies":[{"name":"wp","href":"https:\/\/api.w.org\/{rel}","templated":true}]}}