{"id":578,"date":"2026-03-12T21:25:33","date_gmt":"2026-03-12T21:25:33","guid":{"rendered":"https:\/\/radiolasalle.pe\/salle\/?p=578"},"modified":"2026-03-13T14:31:24","modified_gmt":"2026-03-13T14:31:24","slug":"minem-tgp-avanzo-al-74-la-reparacion-del-ducto-del-gas-de-camisea-y-se-preve-cumplir-el-plazo-previsto","status":"publish","type":"post","link":"https:\/\/radiolasalle.pe\/salle\/2026\/03\/12\/minem-tgp-avanzo-al-74-la-reparacion-del-ducto-del-gas-de-camisea-y-se-preve-cumplir-el-plazo-previsto\/","title":{"rendered":"Minem: TGP avanz\u00f3 al 74% la reparaci\u00f3n del ducto del gas de Camisea y se prev\u00e9 cumplir el plazo previsto"},"content":{"rendered":"\n<h2 class=\"wp-block-heading\">El ministro de Energ\u00eda y Minas,&nbsp;<strong>Angelo Alfar<\/strong>o, se\u00f1al\u00f3 que la empresa&nbsp;<strong>TGP&nbsp;<\/strong>a\u00fan no ha presentado el informe de las causas de la deflagraci\u00f3n del \u00fanico ducto que abastece el gas natural, lo que ha generado una crisis energ\u00e9tica en el pa\u00eds.<\/h2>\n\n\n\n<p>El&nbsp;<strong>Ministerio de Energ\u00eda y Minas (Minem<\/strong>) inform\u00f3 este jueves 12 de marzo&nbsp;que los trabajos de reparaci\u00f3n de los ductos de&nbsp;<a href=\"https:\/\/rpp.pe\/noticias\/gas-natural\"><strong>gas natural<\/strong><\/a>&nbsp;de Camisea registran un avance del 74% por parte de la empresa Transportadora de Gas del Per\u00fa (<a href=\"https:\/\/rpp.pe\/noticias\/tgp\"><strong>TGP<\/strong><\/a>).<\/p>\n\n\n\n<p>El ministerio precis\u00f3 que se complet\u00f3 la excavaci\u00f3n en la zona afectada del ducto de gas natural y se avanza en los trabajos de la tuber\u00eda de reemplazo e instalaci\u00f3n de v\u00e1lvulas de l\u00ednea.<\/p>\n\n\n\n<p>Como se recuerda, el 1 de marzo se registr\u00f3 una deflagraci\u00f3n en la tuber\u00eda ubicada en Megantoni, Cusco. Ante ello, el Minem decret\u00f3 una emergencia en el suministro del recurso energ\u00e9tico en el pa\u00eds hasta el s\u00e1bado 14 de marzo, fecha en que el Gobierno prev\u00e9 que se restablezca el abastecimiento.\u00a0\u00a0<\/p>\n\n\n\n<h2 class=\"wp-block-heading\">Avances de TGP sobre la reparaci\u00f3n del gasoducto<\/h2>\n\n\n\n<p>Hasta el mi\u00e9rcoles el avance estaba en 64%, y para el martes, la presidencia del Consejo de Ministros dio a conocer que los trabajos de reparaci\u00f3n integral del ducto de gas de Camisea, en Megantoni, presentaban un avance del 52% seg\u00fan lo informado por la Transportadora de Gas del Per\u00fa (TGP).<\/p>\n\n\n\n<p>De esta manera, dicha empresa ratifica la vigencia de su cronograma establecido para superar la situaci\u00f3n de emergencia.<\/p>\n\n\n\n<p>A la par, la empresa TGP emiti\u00f3 un comunicado donde detall\u00f3 que realiz\u00f3 un nuevo incremento en el volumen de gas natural para las entregas, pas\u00f3 de 70 a 86 millones de pies c\u00fabicos por d\u00eda. Asimismo, indicaron que ya iniciaron el transporte de ductos para la recuperaci\u00f3n del sistema.<\/p>\n\n\n\n<p>\u00abTras el monitoreo de agua y suelo, a cargo de SGS del Per\u00fa, realizado con protocolos y metodolog\u00edas acreditadas, se verific\u00f3 que no hubo derrame y que el hidrocarburo que se liber\u00f3 hizo combusti\u00f3n sin impactar el suelo ni cuerpos de agua\u00bb, precis\u00f3 TGP.&nbsp;<\/p>\n\n\n\n<h2 class=\"wp-block-heading\">Los reportes previos del TGP<\/h2>\n\n\n\n<p>El lunes, el ministro Angelo Alfaro detall\u00f3 el avance diario de la reparaci\u00f3n del ducto, donde indic\u00f3 que se espera que se cumpla el plazo previsto; es decir, que se restituya el suministro del gas hasta el sabado 14 de marzo.<\/p>\n\n\n\n<p>\u201cLa empresa nos env\u00eda reporte todos los d\u00edas a las 8 p.m. El s\u00e1bado estaban al 33% y al domingo estaban al 48% de los trabajos avanzados. Los primeros d\u00edas no se avanz\u00f3 casi nada porque se ten\u00eda que esperar que el gas se extinga. Confiamos que se cumpla el plazo previsto, salvo haya una temporada de lluvia aluvionica, pero los pron\u00f3sticos del clima son favorables\u201d, detall\u00f3 el ministro en entrevista en Ampliaci\u00f3n de Noticias en RPP.&nbsp;<\/p>\n\n\n\n<p>Se\u00f1al\u00f3 que el plan de&nbsp;<strong>TGP&nbsp;<\/strong>se mantiene en solucionar el problema en 14 d\u00edas, pero el Minem prev\u00e9 que podr\u00eda adelantarse el restablecimiento del suministro de gas natural. \u201cVa a entrar primero la tuber\u00eda de gas que debe estar llen\u00e1ndose el mi\u00e9rcoles, luego se llenar\u00e1 la tuber\u00eda de l\u00edquidos el jueves, y, posiblemente, el viernes ya tengamos gas en Melchorita y de ah\u00ed tarda 12 a 16 horas en llegar el gas a la ciudad\u00bb, precis\u00f3.&nbsp;<\/p>\n\n\n\n<h2 class=\"wp-block-heading\">TGP a\u00fan no presenta informe de las causas de la rotura del ducto de Camisea<\/h2>\n\n\n\n<p>Alfaro se\u00f1al\u00f3 que hasta la fecha TGP a\u00fan no ha presentado el informe de las causas, pero que se descarta cualquier atentado. Y exhort\u00f3 al presidente del Organismo Supervisor de la Inversi\u00f3n en Energ\u00eda y Miner\u00eda (Osinergmin) que brinde una fecha en la que se emitir\u00e1 ese documento a la poblaci\u00f3n.&nbsp;<\/p>\n\n\n\n<p>\u201cTGP no ha presentado todav\u00eda el informe de las causas, pero se ha descartado cualquier atentado. Tiene que determinarse en todo el an\u00e1lisis final los resultados y las causa de la falla (&#8230;) Hab\u00eda personal ah\u00ed, algo ha tenido que pasar, tienen que explicar exactamente qu\u00e9 hicieron o dejaron de hacer para que ocurra este incidente\u201d, precis\u00f3.&nbsp;<\/p>\n\n\n\n<p>Como se recuerda, el pa\u00eds atraviesa una&nbsp;<strong><a href=\"https:\/\/rpp.pe\/economia\/economia\/crisis-de-gnv-moodys-advierte-escasez-de-gas-natural-y-alza-de-combustibles-incidiria-mayor-precio-de-alimentos-noticia-1678965\">crisis energ\u00e9tica<\/a>&nbsp;<\/strong>por falta del gas natural ante la rotura del ducto de la empresa Transportadora de Gas del Per\u00fa (TGP) de Camisea en Cusco. Esta es la \u00fanica v\u00eda de transporte del recurso energ\u00e9tico del pa\u00eds, lo que ha generado un desabastecimiento del mismo y viene impactando en la econom\u00eda de las empresas y los hogares.&nbsp;<\/p>\n\n\n\n<p><strong>Fuente:<\/strong>\u00a0<a href=\"https:\/\/www.infobae.com\/peru\/2025\/11\/18\/universidades-nacionales-advierten-una-reduccion-de-presupuesto-de-casi-s-300-millones-pese-a-que-seran-mas-en-2026\/\" target=\"_blank\" rel=\"noreferrer noopener\">RPP<\/a><\/p>\n\n\n\n<p><\/p>\n","protected":false},"excerpt":{"rendered":"<p>El ministro de Energ\u00eda y Minas,&nbsp;Angelo Alfaro, se\u00f1al\u00f3 que la empresa&nbsp;TGP&nbsp;a\u00fan no ha presentado el informe de las causas de la deflagraci\u00f3n del \u00fanico ducto que abastece el gas natural, lo que ha generado una crisis energ\u00e9tica en el pa\u00eds. El&nbsp;Ministerio de Energ\u00eda y Minas (Minem) inform\u00f3 este jueves 12 de marzo&nbsp;que los trabajos de [&hellip;]<\/p>\n","protected":false},"author":1,"featured_media":579,"comment_status":"open","ping_status":"open","sticky":false,"template":"","format":"standard","meta":{"footnotes":""},"categories":[23,29],"tags":[],"class_list":{"0":"post-578","1":"post","2":"type-post","3":"status-publish","4":"format-standard","5":"has-post-thumbnail","7":"category-economia","8":"category-nacional"},"_links":{"self":[{"href":"https:\/\/radiolasalle.pe\/salle\/wp-json\/wp\/v2\/posts\/578","targetHints":{"allow":["GET"]}}],"collection":[{"href":"https:\/\/radiolasalle.pe\/salle\/wp-json\/wp\/v2\/posts"}],"about":[{"href":"https:\/\/radiolasalle.pe\/salle\/wp-json\/wp\/v2\/types\/post"}],"author":[{"embeddable":true,"href":"https:\/\/radiolasalle.pe\/salle\/wp-json\/wp\/v2\/users\/1"}],"replies":[{"embeddable":true,"href":"https:\/\/radiolasalle.pe\/salle\/wp-json\/wp\/v2\/comments?post=578"}],"version-history":[{"count":1,"href":"https:\/\/radiolasalle.pe\/salle\/wp-json\/wp\/v2\/posts\/578\/revisions"}],"predecessor-version":[{"id":580,"href":"https:\/\/radiolasalle.pe\/salle\/wp-json\/wp\/v2\/posts\/578\/revisions\/580"}],"wp:featuredmedia":[{"embeddable":true,"href":"https:\/\/radiolasalle.pe\/salle\/wp-json\/wp\/v2\/media\/579"}],"wp:attachment":[{"href":"https:\/\/radiolasalle.pe\/salle\/wp-json\/wp\/v2\/media?parent=578"}],"wp:term":[{"taxonomy":"category","embeddable":true,"href":"https:\/\/radiolasalle.pe\/salle\/wp-json\/wp\/v2\/categories?post=578"},{"taxonomy":"post_tag","embeddable":true,"href":"https:\/\/radiolasalle.pe\/salle\/wp-json\/wp\/v2\/tags?post=578"}],"curies":[{"name":"wp","href":"https:\/\/api.w.org\/{rel}","templated":true}]}}