{"id":582,"date":"2026-03-13T15:43:28","date_gmt":"2026-03-13T15:43:28","guid":{"rendered":"https:\/\/radiolasalle.pe\/salle\/?p=582"},"modified":"2026-03-13T16:22:11","modified_gmt":"2026-03-13T16:22:11","slug":"musica-peruana","status":"publish","type":"post","link":"https:\/\/radiolasalle.pe\/salle\/2026\/03\/13\/musica-peruana\/","title":{"rendered":"M\u00daSICA PERUANA"},"content":{"rendered":"\n<h1 class=\"wp-block-heading\">Folclore de luto: falleci\u00f3 el acordeonista cusque\u00f1o Jorge N\u00fa\u00f1ez del Prado, de Los Campesinos<\/h1>\n\n\n\n<p>Sus restos vienen siendo velados en el foyer \u00abLos Incas\u00bb de la sede central del Ministerio de Cultura (Av. Javier Prado Este n.\u00ba 2465, San Borja).<\/p>\n\n\n\n<p><br><strong>La m\u00fasica peruana est\u00e1 de luto. A los 89 a\u00f1os de edad, falleci\u00f3 el destacado m\u00fasico, recopilador y cantante Jorge N\u00fa\u00f1ez del Prado \u00cdsmodes (1936-2026), hijo ilustre de Paucartambo, Cusco, miembro del legendario Tr\u00edo Los Campesinos y difusor del pampapiano.&nbsp;<\/strong><\/p>\n\n\n\n<p>En su larga trayectoria musical, N\u00fa\u00f1ez del Prado, reconocido cultor del huayno tradicional, trabaj\u00f3 un repertorio musical con acorde\u00f3n y guitarras, junto a su primo hermano Adolfo y a Wilfredo Quintana.&nbsp;<\/p>\n\n\n\n<p><strong>Para cantar y zapatear&nbsp;<\/strong><\/p>\n\n\n\n<p><strong>Entre los grandes \u00e9xitos de Los Campesinos figuran los huainos que se han hecho himnos: \u201cProfesorita\u201d, \u201cLinda andahuaylina\u201d, \u201cLlaulillay\u201d, \u201cPor las puras\u201d, \u201cOjos hechiceros\u201d, \u201cMamacha Carmen\u201d y \u201cMi Paucartambo\u201d, entre otros.&nbsp;<\/strong><\/p>\n\n\n\n<p>Se trata de canciones que escribieron junto a otras que recopilaron de todo de Cusco y de Apur\u00edmac. \u201cNos hemos hecho el compromiso de no desvirtuar el contenido de las melod\u00edas que han dejado quienes nos precedieron\u201d, nos contaba don Jorge en una entrevista de 2011, quien sab\u00eda de noches de serenata y era el m\u00e1s parlanch\u00edn y bromista del d\u00fao.&nbsp;<\/p>\n\n\n\n<p><strong>El estilo alegre, con canciones en quechua y castellano, de Los Campesinos peg\u00f3 r\u00e1pidamente entre los amantes del folclor andino. A la muerte de Adolfo \u201cGoyo\u201d N\u00fa\u00f1ez del Prado, alrededor de 1996, Jorge N\u00fa\u00f1ez del Prado y Wilfredo Quintana continuaron su labor como d\u00fao.<\/strong><\/p>\n\n\n\n<p>Los Campesinos grabaron 24 longplays y superaron el medio siglo tocando juntos desde 1961 hasta 2000, a\u00f1o en que falleci\u00f3 don Wilfredo Quintana, primera voz, guitarrista y compositor del conjunto.&nbsp;<\/p>\n\n\n\n<p><strong>Los inicios de Los Campesinos&nbsp;<\/strong><\/p>\n\n\n\n<p><strong>\u00bfCu\u00e1l fue su secreto para mantenerse juntos m\u00e1s de medio siglo cantando juntos? \u201cPara nosotros la m\u00fasica es una gracia\u201d, dec\u00eda don Jorge, quien hab\u00eda llegado a Lima desde Paucartambo, Cusco. Contaba que ten\u00eda mucho miedo a la metr\u00f3poli, con el racismo respir\u00e1ndole sobre los hombros.&nbsp;<\/strong><\/p>\n\n\n\n<p>Vino para estudiar Derecho en la Universidad Nacional Mayor de San Marcos, pero la melancol\u00eda por haber dejado su tierra lo invad\u00eda \u201cy la \u00fanica manera de cubrir ese dolor en una metr\u00f3poli indiferente era cantar por las noches la m\u00fasica que hab\u00edamos disfrutado de ni\u00f1os\u201d, recordaba en otra entrevista, en 2009.&nbsp;<\/p>\n\n\n\n<p>Entre melancol\u00edas y caminatas universitarias se encontr\u00f3 de casualidad con Wilfredo Quintana, otro \u201casustado\u201d migrante, quien llegaba a la capital desde el distrito de Talavera de la Reina, Andahuaylas, Apur\u00edmac para estudiar Odontolog\u00eda. As\u00ed que empezaron, primero, a sintonizar por las noches Radio Huancayo y Radio Tahuantinsuyo, luego a tocar en el \u00e1mbito familiar. Junto a Goyo, don Jorge viv\u00eda en una habitaci\u00f3n en un tercer piso de la primera cuadra de la avenida Brasil.&nbsp;<\/p>\n\n\n\n<p><strong>El tr\u00edo lleg\u00f3 a la disquera El Virrey, donde empez\u00f3 su historia oficial. Se convirtieron en uno de los conjuntos que desarroll\u00f3 su carrera en el desaparecido circuito de los coliseos de la Lima, a la que llegaban semanalmente cientos de migrantes. \u201cAunque ya nos cansamos de mirarnos la cara [con Wilfredo Quintana], s\u00f3lo nos separar\u00e1 la muerte\u201d, dec\u00eda don Jorge sin dejar su humor de lado.<\/strong><\/p>\n\n\n\n<p><strong>Pampapiano<\/strong><\/p>\n\n\n\n<p>Con el fallecimiento del maestro N\u00fa\u00f1ez del Prado se va un repertorio y una forma de interpretar y entender el folclor andino: adem\u00e1s de acordeonista de estilo p\u00edcaro y elegante segunda voz del conjunto, don Jorge fue tambi\u00e9n uno de los pocos m\u00fasicos que domin\u00f3 el pampapiano, instrumento muy ligado a la m\u00fasica cusque\u00f1a, que inicialmente se tocaba en las ceremonias religiosas de los templos cat\u00f3licos.<\/p>\n\n\n\n<p><strong>Fuente:<\/strong>&nbsp;Diario el Peruano<\/p>\n","protected":false},"excerpt":{"rendered":"<p>Folclore de luto: falleci\u00f3 el acordeonista cusque\u00f1o Jorge N\u00fa\u00f1ez del Prado, de Los Campesinos Sus restos vienen siendo velados en el foyer \u00abLos Incas\u00bb de la sede central del Ministerio de Cultura (Av. Javier Prado Este n.\u00ba 2465, San Borja). La m\u00fasica peruana est\u00e1 de luto. A los 89 a\u00f1os de edad, falleci\u00f3 el destacado [&hellip;]<\/p>\n","protected":false},"author":1,"featured_media":583,"comment_status":"open","ping_status":"open","sticky":false,"template":"","format":"standard","meta":{"footnotes":""},"categories":[28,34,32,29,19,24],"tags":[],"class_list":{"0":"post-582","1":"post","2":"type-post","3":"status-publish","4":"format-standard","5":"has-post-thumbnail","7":"category-cultura","8":"category-cusco","9":"category-local","10":"category-nacional","11":"category-noticias","12":"category-regional"},"_links":{"self":[{"href":"https:\/\/radiolasalle.pe\/salle\/wp-json\/wp\/v2\/posts\/582","targetHints":{"allow":["GET"]}}],"collection":[{"href":"https:\/\/radiolasalle.pe\/salle\/wp-json\/wp\/v2\/posts"}],"about":[{"href":"https:\/\/radiolasalle.pe\/salle\/wp-json\/wp\/v2\/types\/post"}],"author":[{"embeddable":true,"href":"https:\/\/radiolasalle.pe\/salle\/wp-json\/wp\/v2\/users\/1"}],"replies":[{"embeddable":true,"href":"https:\/\/radiolasalle.pe\/salle\/wp-json\/wp\/v2\/comments?post=582"}],"version-history":[{"count":2,"href":"https:\/\/radiolasalle.pe\/salle\/wp-json\/wp\/v2\/posts\/582\/revisions"}],"predecessor-version":[{"id":585,"href":"https:\/\/radiolasalle.pe\/salle\/wp-json\/wp\/v2\/posts\/582\/revisions\/585"}],"wp:featuredmedia":[{"embeddable":true,"href":"https:\/\/radiolasalle.pe\/salle\/wp-json\/wp\/v2\/media\/583"}],"wp:attachment":[{"href":"https:\/\/radiolasalle.pe\/salle\/wp-json\/wp\/v2\/media?parent=582"}],"wp:term":[{"taxonomy":"category","embeddable":true,"href":"https:\/\/radiolasalle.pe\/salle\/wp-json\/wp\/v2\/categories?post=582"},{"taxonomy":"post_tag","embeddable":true,"href":"https:\/\/radiolasalle.pe\/salle\/wp-json\/wp\/v2\/tags?post=582"}],"curies":[{"name":"wp","href":"https:\/\/api.w.org\/{rel}","templated":true}]}}